{"id":14449,"date":"2025-09-26T16:44:20","date_gmt":"2025-09-26T19:44:20","guid":{"rendered":"https:\/\/elconquistadorredloslagos.cl\/test\/?p=14449"},"modified":"2025-09-26T16:44:22","modified_gmt":"2025-09-26T19:44:22","slug":"chiloe-inicia-atenciones-de-gastroenterologia-infantil-mediante-telemedicina","status":"publish","type":"post","link":"https:\/\/elconquistadorredloslagos.cl\/test\/blog\/2025\/09\/26\/chiloe-inicia-atenciones-de-gastroenterologia-infantil-mediante-telemedicina\/","title":{"rendered":"Chilo\u00e9 inicia atenciones de gastroenterolog\u00eda infantil mediante Telemedicina"},"content":{"rendered":"\n<p>Un importante avance en la descentralizaci\u00f3n de la salud se concret\u00f3 en Chilo\u00e9 con el inicio de las primeras consultas de gastroenterolog\u00eda infantil a trav\u00e9s de telemedicina.&nbsp; La referente de telemedicina del Servicio de Salud Chilo\u00e9, Paula Fern\u00e1ndez, explic\u00f3 que gracias a la modalidad sincr\u00f3nica, ni\u00f1os y ni\u00f1as podr\u00e1n ser atendidos por especialistas de nivel nacional sin salir del archipi\u00e9lago. \u201cEs un hito porque los pacientes acceden a los mejores subespecialistas del pa\u00eds sin necesidad de viajar\u201d, destac\u00f3.<\/p>\n\n\n\n<figure class=\"wp-block-audio\"><audio controls src=\"https:\/\/elconquistadorredloslagos.cl\/test\/wp-content\/uploads\/2025\/09\/CUNA-PAULA-FERNANDEZ.mp3\"><\/audio><\/figure>\n\n\n\n<p>La estrategia se enmarca en el fortalecimiento de la red pedi\u00e1trica digital, que considera tambi\u00e9n el apoyo de equipos locales en los hospitales de Ancud, Quell\u00f3n y Castro, aumentando la capacidad resolutiva en zonas apartadas del Archipi\u00e9lago.<\/p>\n","protected":false},"excerpt":{"rendered":"<p>Un importante avance en la descentralizaci\u00f3n de la salud se concret\u00f3 en Chilo\u00e9 con el inicio de las primeras consultas de gastroenterolog\u00eda infantil a trav\u00e9s de telemedicina.&nbsp; La referente de..<\/p>\n","protected":false},"author":2,"featured_media":14451,"comment_status":"closed","ping_status":"open","sticky":false,"template":"","format":"standard","meta":{"footnotes":""},"categories":[1,28,51],"tags":[],"class_list":["post-14449","post","type-post","status-publish","format-standard","has-post-thumbnail","hentry","category-acontecer","category-actual","category-chiloe"],"rttpg_featured_image_url":{"full":["https:\/\/elconquistadorredloslagos.cl\/test\/wp-content\/uploads\/2025\/09\/img-104.jpg",1920,1080,false],"landscape":["https:\/\/elconquistadorredloslagos.cl\/test\/wp-content\/uploads\/2025\/09\/img-104.jpg",1920,1080,false],"portraits":["https:\/\/elconquistadorredloslagos.cl\/test\/wp-content\/uploads\/2025\/09\/img-104.jpg",1920,1080,false],"thumbnail":["https:\/\/elconquistadorredloslagos.cl\/test\/wp-content\/uploads\/2025\/09\/img-104-150x150.jpg",150,150,true],"medium":["https:\/\/elconquistadorredloslagos.cl\/test\/wp-content\/uploads\/2025\/09\/img-104-300x169.jpg",300,169,true],"large":["https:\/\/elconquistadorredloslagos.cl\/test\/wp-content\/uploads\/2025\/09\/img-104-1024x576.jpg",1024,576,true],"1536x1536":["https:\/\/elconquistadorredloslagos.cl\/test\/wp-content\/uploads\/2025\/09\/img-104-1536x864.jpg",1536,864,true],"2048x2048":["https:\/\/elconquistadorredloslagos.cl\/test\/wp-content\/uploads\/2025\/09\/img-104.jpg",1920,1080,false]},"rttpg_author":{"display_name":"ccardenas","author_link":"https:\/\/elconquistadorredloslagos.cl\/test\/blog\/author\/ccardenas\/"},"rttpg_comment":0,"rttpg_category":"<a href=\"https:\/\/elconquistadorredloslagos.cl\/test\/blog\/category\/actual\/acontecer\/\" rel=\"category tag\">Acontecer<\/a> <a href=\"https:\/\/elconquistadorredloslagos.cl\/test\/blog\/category\/actual\/\" rel=\"category tag\">Actualidad<\/a> <a href=\"https:\/\/elconquistadorredloslagos.cl\/test\/blog\/category\/chile\/chiloe\/\" rel=\"category tag\">Chilo\u00e9<\/a>","rttpg_excerpt":"Un importante avance en la descentralizaci\u00f3n de la salud se concret\u00f3 en Chilo\u00e9 con el inicio de las primeras consultas de gastroenterolog\u00eda infantil a trav\u00e9s de telemedicina.&nbsp; La referente de..","_links":{"self":[{"href":"https:\/\/elconquistadorredloslagos.cl\/test\/wp-json\/wp\/v2\/posts\/14449","targetHints":{"allow":["GET"]}}],"collection":[{"href":"https:\/\/elconquistadorredloslagos.cl\/test\/wp-json\/wp\/v2\/posts"}],"about":[{"href":"https:\/\/elconquistadorredloslagos.cl\/test\/wp-json\/wp\/v2\/types\/post"}],"author":[{"embeddable":true,"href":"https:\/\/elconquistadorredloslagos.cl\/test\/wp-json\/wp\/v2\/users\/2"}],"replies":[{"embeddable":true,"href":"https:\/\/elconquistadorredloslagos.cl\/test\/wp-json\/wp\/v2\/comments?post=14449"}],"version-history":[{"count":1,"href":"https:\/\/elconquistadorredloslagos.cl\/test\/wp-json\/wp\/v2\/posts\/14449\/revisions"}],"predecessor-version":[{"id":14452,"href":"https:\/\/elconquistadorredloslagos.cl\/test\/wp-json\/wp\/v2\/posts\/14449\/revisions\/14452"}],"wp:featuredmedia":[{"embeddable":true,"href":"https:\/\/elconquistadorredloslagos.cl\/test\/wp-json\/wp\/v2\/media\/14451"}],"wp:attachment":[{"href":"https:\/\/elconquistadorredloslagos.cl\/test\/wp-json\/wp\/v2\/media?parent=14449"}],"wp:term":[{"taxonomy":"category","embeddable":true,"href":"https:\/\/elconquistadorredloslagos.cl\/test\/wp-json\/wp\/v2\/categories?post=14449"},{"taxonomy":"post_tag","embeddable":true,"href":"https:\/\/elconquistadorredloslagos.cl\/test\/wp-json\/wp\/v2\/tags?post=14449"}],"curies":[{"name":"wp","href":"https:\/\/api.w.org\/{rel}","templated":true}]}}