{"id":14443,"date":"2025-09-26T16:25:11","date_gmt":"2025-09-26T19:25:11","guid":{"rendered":"https:\/\/elconquistadorredloslagos.cl\/test\/?p=14443"},"modified":"2025-09-26T16:25:11","modified_gmt":"2025-09-26T19:25:11","slug":"carabineros-y-municipio-analizan-instalacion-de-reten-movil-para-reforzar-seguridad-en-el-oriente-de-osorno","status":"publish","type":"post","link":"https:\/\/elconquistadorredloslagos.cl\/test\/blog\/2025\/09\/26\/carabineros-y-municipio-analizan-instalacion-de-reten-movil-para-reforzar-seguridad-en-el-oriente-de-osorno\/","title":{"rendered":"Carabineros y municipio analizan instalaci\u00f3n de ret\u00e9n m\u00f3vil para reforzar seguridad en el oriente de Osorno"},"content":{"rendered":"\n<p>Carabineros y la Municipalidad de Osorno se encuentran evaluando la implementaci\u00f3n de un ret\u00e9n m\u00f3vil en el sector oriente de la ciudad, con el objetivo de reforzar la presencia policial en una zona que, hasta ahora, no cuenta con proyectos de nuevas unidades permanentes en el corto ni mediano plazo.<\/p>\n\n\n\n<p>De acuerdo con las estad\u00edsticas policiales, los mayores \u00edndices delictuales se concentran en Rahue y en sectores de l\u00edmites urbanos y condominios, con robos por sorpresa y robos en lugar no habitado como los delitos m\u00e1s recurrentes. Sin embargo, la demanda ciudadana por mayor seguridad en el oriente de Osorno ha llevado a abrir la opci\u00f3n de instalar un dispositivo m\u00f3vil que permita aumentar la cobertura.<\/p>\n\n\n\n<p>El prefecto de Carabineros de Osorno, coronel Miguel \u00c1ngel Valenzuela, explic\u00f3 que la comunidad requiere m\u00e1s presencia en las calles que en los cuarteles, respaldando su planteamiento en el aumento de llamados y denuncias an\u00f3nimas recibidas al nivel 133. A\u00f1adi\u00f3 que experiencias previas, como la puesta en marcha de un ret\u00e9n m\u00f3vil en Rahue, evidenciaron una baja en los delitos en ese sector, lo que refuerza la factibilidad de replicar la medida en la zona oriente.<\/p>\n\n\n\n<p>\ud83d\udcf7 Referencial<\/p>\n","protected":false},"excerpt":{"rendered":"<p>Carabineros y la Municipalidad de Osorno se encuentran evaluando la implementaci\u00f3n de un ret\u00e9n m\u00f3vil en el sector oriente de la ciudad, con el objetivo de reforzar la presencia policial..<\/p>\n","protected":false},"author":2,"featured_media":14444,"comment_status":"closed","ping_status":"open","sticky":false,"template":"","format":"standard","meta":{"footnotes":""},"categories":[1,28,55],"tags":[],"class_list":["post-14443","post","type-post","status-publish","format-standard","has-post-thumbnail","hentry","category-acontecer","category-actual","category-osorno"],"rttpg_featured_image_url":{"full":["https:\/\/elconquistadorredloslagos.cl\/test\/wp-content\/uploads\/2025\/09\/img-102.jpg",1920,1080,false],"landscape":["https:\/\/elconquistadorredloslagos.cl\/test\/wp-content\/uploads\/2025\/09\/img-102.jpg",1920,1080,false],"portraits":["https:\/\/elconquistadorredloslagos.cl\/test\/wp-content\/uploads\/2025\/09\/img-102.jpg",1920,1080,false],"thumbnail":["https:\/\/elconquistadorredloslagos.cl\/test\/wp-content\/uploads\/2025\/09\/img-102-150x150.jpg",150,150,true],"medium":["https:\/\/elconquistadorredloslagos.cl\/test\/wp-content\/uploads\/2025\/09\/img-102-300x169.jpg",300,169,true],"large":["https:\/\/elconquistadorredloslagos.cl\/test\/wp-content\/uploads\/2025\/09\/img-102-1024x576.jpg",1024,576,true],"1536x1536":["https:\/\/elconquistadorredloslagos.cl\/test\/wp-content\/uploads\/2025\/09\/img-102-1536x864.jpg",1536,864,true],"2048x2048":["https:\/\/elconquistadorredloslagos.cl\/test\/wp-content\/uploads\/2025\/09\/img-102.jpg",1920,1080,false]},"rttpg_author":{"display_name":"ccardenas","author_link":"https:\/\/elconquistadorredloslagos.cl\/test\/blog\/author\/ccardenas\/"},"rttpg_comment":0,"rttpg_category":"<a href=\"https:\/\/elconquistadorredloslagos.cl\/test\/blog\/category\/actual\/acontecer\/\" rel=\"category tag\">Acontecer<\/a> <a href=\"https:\/\/elconquistadorredloslagos.cl\/test\/blog\/category\/actual\/\" rel=\"category tag\">Actualidad<\/a> <a href=\"https:\/\/elconquistadorredloslagos.cl\/test\/blog\/category\/chile\/osorno\/\" rel=\"category tag\">Osorno<\/a>","rttpg_excerpt":"Carabineros y la Municipalidad de Osorno se encuentran evaluando la implementaci\u00f3n de un ret\u00e9n m\u00f3vil en el sector oriente de la ciudad, con el objetivo de reforzar la presencia policial..","_links":{"self":[{"href":"https:\/\/elconquistadorredloslagos.cl\/test\/wp-json\/wp\/v2\/posts\/14443","targetHints":{"allow":["GET"]}}],"collection":[{"href":"https:\/\/elconquistadorredloslagos.cl\/test\/wp-json\/wp\/v2\/posts"}],"about":[{"href":"https:\/\/elconquistadorredloslagos.cl\/test\/wp-json\/wp\/v2\/types\/post"}],"author":[{"embeddable":true,"href":"https:\/\/elconquistadorredloslagos.cl\/test\/wp-json\/wp\/v2\/users\/2"}],"replies":[{"embeddable":true,"href":"https:\/\/elconquistadorredloslagos.cl\/test\/wp-json\/wp\/v2\/comments?post=14443"}],"version-history":[{"count":1,"href":"https:\/\/elconquistadorredloslagos.cl\/test\/wp-json\/wp\/v2\/posts\/14443\/revisions"}],"predecessor-version":[{"id":14445,"href":"https:\/\/elconquistadorredloslagos.cl\/test\/wp-json\/wp\/v2\/posts\/14443\/revisions\/14445"}],"wp:featuredmedia":[{"embeddable":true,"href":"https:\/\/elconquistadorredloslagos.cl\/test\/wp-json\/wp\/v2\/media\/14444"}],"wp:attachment":[{"href":"https:\/\/elconquistadorredloslagos.cl\/test\/wp-json\/wp\/v2\/media?parent=14443"}],"wp:term":[{"taxonomy":"category","embeddable":true,"href":"https:\/\/elconquistadorredloslagos.cl\/test\/wp-json\/wp\/v2\/categories?post=14443"},{"taxonomy":"post_tag","embeddable":true,"href":"https:\/\/elconquistadorredloslagos.cl\/test\/wp-json\/wp\/v2\/tags?post=14443"}],"curies":[{"name":"wp","href":"https:\/\/api.w.org\/{rel}","templated":true}]}}