{"id":14440,"date":"2025-09-26T16:14:37","date_gmt":"2025-09-26T19:14:37","guid":{"rendered":"https:\/\/elconquistadorredloslagos.cl\/test\/?p=14440"},"modified":"2025-09-26T16:14:38","modified_gmt":"2025-09-26T19:14:38","slug":"colo-colo-confirma-amistoso-con-deportes-puerto-montt-en-medio-de-gira-por-regiones","status":"publish","type":"post","link":"https:\/\/elconquistadorredloslagos.cl\/test\/blog\/2025\/09\/26\/colo-colo-confirma-amistoso-con-deportes-puerto-montt-en-medio-de-gira-por-regiones\/","title":{"rendered":"Colo-Colo confirma amistoso con Deportes Puerto Montt en medio de gira por regiones"},"content":{"rendered":"\n<p>Colo-Colo confirm\u00f3 que disputar\u00e1 tres partidos amistosos durante el receso del torneo nacional por el Mundial Sub 20, y uno de ellos tendr\u00e1 como escenario la ciudad de Puerto Montt. El 8 de octubre, el cuadro popular visitar\u00e1 a Deportes Puerto Montt en el estadio Chinquihue, encuentro que se desarrollar\u00e1 con p\u00fablico y que promete gran convocatoria.<\/p>\n\n\n\n<p>La noticia fue entregada por el presidente de Blanco y Negro, An\u00edbal Mosa, tras una semana marcada por la negativa de Temuco a recibir al cuadro popular. El alcalde de esa comuna, Roberto Neira, sostuvo que no estaban las condiciones para arrendar el Germ\u00e1n Becker, argumentando riesgos de incidentes por la presencia multitudinaria de hinchas y antecedentes de violencia vinculados a las barras.<\/p>\n\n\n\n<p>Con ello, Colo-Colo rearm\u00f3 su calendario y defini\u00f3 una gira por regiones. El 1 de octubre se medir\u00e1 con \u00d1ublense en Chill\u00e1n, luego ser\u00e1 el turno del duelo frente a los \u201cdelfines\u201d en el sur, y finalmente cerrar\u00e1 el ciclo en el Estadio Monumental el 11 de octubre ante Palestino, aunque en esa ocasi\u00f3n a puertas cerradas.<\/p>\n\n\n\n<p>El amistoso en Puerto Montt genera expectativas entre los hinchas locales y de la zona sur, que podr\u00e1n ver al \u201cCacique\u201d en un a\u00f1o complejo en lo deportivo y que originalmente estaba marcado por la conmemoraci\u00f3n del centenario albo.<\/p>\n","protected":false},"excerpt":{"rendered":"<p>Colo-Colo confirm\u00f3 que disputar\u00e1 tres partidos amistosos durante el receso del torneo nacional por el Mundial Sub 20, y uno de ellos tendr\u00e1 como escenario la ciudad de Puerto Montt&#8230;<\/p>\n","protected":false},"author":2,"featured_media":14441,"comment_status":"closed","ping_status":"open","sticky":false,"template":"","format":"standard","meta":{"footnotes":""},"categories":[1,28,56],"tags":[],"class_list":["post-14440","post","type-post","status-publish","format-standard","has-post-thumbnail","hentry","category-acontecer","category-actual","category-puerto-montt"],"rttpg_featured_image_url":{"full":["https:\/\/elconquistadorredloslagos.cl\/test\/wp-content\/uploads\/2025\/09\/img-101.jpg",1920,1080,false],"landscape":["https:\/\/elconquistadorredloslagos.cl\/test\/wp-content\/uploads\/2025\/09\/img-101.jpg",1920,1080,false],"portraits":["https:\/\/elconquistadorredloslagos.cl\/test\/wp-content\/uploads\/2025\/09\/img-101.jpg",1920,1080,false],"thumbnail":["https:\/\/elconquistadorredloslagos.cl\/test\/wp-content\/uploads\/2025\/09\/img-101-150x150.jpg",150,150,true],"medium":["https:\/\/elconquistadorredloslagos.cl\/test\/wp-content\/uploads\/2025\/09\/img-101-300x169.jpg",300,169,true],"large":["https:\/\/elconquistadorredloslagos.cl\/test\/wp-content\/uploads\/2025\/09\/img-101-1024x576.jpg",1024,576,true],"1536x1536":["https:\/\/elconquistadorredloslagos.cl\/test\/wp-content\/uploads\/2025\/09\/img-101-1536x864.jpg",1536,864,true],"2048x2048":["https:\/\/elconquistadorredloslagos.cl\/test\/wp-content\/uploads\/2025\/09\/img-101.jpg",1920,1080,false]},"rttpg_author":{"display_name":"ccardenas","author_link":"https:\/\/elconquistadorredloslagos.cl\/test\/blog\/author\/ccardenas\/"},"rttpg_comment":0,"rttpg_category":"<a href=\"https:\/\/elconquistadorredloslagos.cl\/test\/blog\/category\/actual\/acontecer\/\" rel=\"category tag\">Acontecer<\/a> <a href=\"https:\/\/elconquistadorredloslagos.cl\/test\/blog\/category\/actual\/\" rel=\"category tag\">Actualidad<\/a> <a href=\"https:\/\/elconquistadorredloslagos.cl\/test\/blog\/category\/chile\/puerto-montt\/\" rel=\"category tag\">Puerto Montt<\/a>","rttpg_excerpt":"Colo-Colo confirm\u00f3 que disputar\u00e1 tres partidos amistosos durante el receso del torneo nacional por el Mundial Sub 20, y uno de ellos tendr\u00e1 como escenario la ciudad de Puerto Montt...","_links":{"self":[{"href":"https:\/\/elconquistadorredloslagos.cl\/test\/wp-json\/wp\/v2\/posts\/14440","targetHints":{"allow":["GET"]}}],"collection":[{"href":"https:\/\/elconquistadorredloslagos.cl\/test\/wp-json\/wp\/v2\/posts"}],"about":[{"href":"https:\/\/elconquistadorredloslagos.cl\/test\/wp-json\/wp\/v2\/types\/post"}],"author":[{"embeddable":true,"href":"https:\/\/elconquistadorredloslagos.cl\/test\/wp-json\/wp\/v2\/users\/2"}],"replies":[{"embeddable":true,"href":"https:\/\/elconquistadorredloslagos.cl\/test\/wp-json\/wp\/v2\/comments?post=14440"}],"version-history":[{"count":1,"href":"https:\/\/elconquistadorredloslagos.cl\/test\/wp-json\/wp\/v2\/posts\/14440\/revisions"}],"predecessor-version":[{"id":14442,"href":"https:\/\/elconquistadorredloslagos.cl\/test\/wp-json\/wp\/v2\/posts\/14440\/revisions\/14442"}],"wp:featuredmedia":[{"embeddable":true,"href":"https:\/\/elconquistadorredloslagos.cl\/test\/wp-json\/wp\/v2\/media\/14441"}],"wp:attachment":[{"href":"https:\/\/elconquistadorredloslagos.cl\/test\/wp-json\/wp\/v2\/media?parent=14440"}],"wp:term":[{"taxonomy":"category","embeddable":true,"href":"https:\/\/elconquistadorredloslagos.cl\/test\/wp-json\/wp\/v2\/categories?post=14440"},{"taxonomy":"post_tag","embeddable":true,"href":"https:\/\/elconquistadorredloslagos.cl\/test\/wp-json\/wp\/v2\/tags?post=14440"}],"curies":[{"name":"wp","href":"https:\/\/api.w.org\/{rel}","templated":true}]}}