{"id":14437,"date":"2025-09-26T16:02:29","date_gmt":"2025-09-26T19:02:29","guid":{"rendered":"https:\/\/elconquistadorredloslagos.cl\/test\/?p=14437"},"modified":"2025-09-26T16:02:29","modified_gmt":"2025-09-26T19:02:29","slug":"proyectos-sustentables-e-inclusivos-se-imponen-en-los-desafios-isic","status":"publish","type":"post","link":"https:\/\/elconquistadorredloslagos.cl\/test\/blog\/2025\/09\/26\/proyectos-sustentables-e-inclusivos-se-imponen-en-los-desafios-isic\/","title":{"rendered":"Proyectos sustentables e inclusivos se imponen en los Desaf\u00edos ISIC"},"content":{"rendered":"\n<p><strong>La instancia convoc\u00f3 a estudiantes de educaci\u00f3n media t\u00e9cnico profesional y de educaci\u00f3n superior.<\/strong><\/p>\n\n\n\n<p>En medio de la tranquilidad del <strong>lago Llanquihue<\/strong>, se llev\u00f3 a cabo el <strong>bootcamp<\/strong> de presentaci\u00f3n de los proyectos ganadores de los <strong>Desaf\u00edos ISIC<\/strong>, concurso ejecutado por la <strong>Universidad de Los Lagos<\/strong> y financiado por el <strong>Gobierno Regional de Los Lagos<\/strong>, en el marco del <strong>Programa Infraestructura Sostenible e Inclusiva para la Competitividad Regional (ISIC)<\/strong>.<\/p>\n\n\n\n<p>La iniciativa convoc\u00f3 a estudiantes de <strong>ense\u00f1anza media t\u00e9cnico profesional (EMTP)<\/strong> e <strong>instituciones de educaci\u00f3n superior (IES)<\/strong> de la regi\u00f3n, quienes desarrollaron propuestas de <strong>infraestructura sostenible e inclusiva<\/strong>. El objetivo fue fomentar la formaci\u00f3n de capital humano y promover soluciones que integren <strong>sostenibilidad, inclusi\u00f3n social y competitividad regional<\/strong>, incentivando la creatividad, el compromiso comunitario y el uso responsable de los recursos.<\/p>\n\n\n\n<h3 class=\"wp-block-heading\">Ganadores del concurso<\/h3>\n\n\n\n<p>Tras la evaluaci\u00f3n del jurado, se seleccionaron <strong>tres equipos por categor\u00eda<\/strong>:<\/p>\n\n\n\n<p><strong>Establecimientos Media T\u00e9cnico Profesional (EMTP):<\/strong><\/p>\n\n\n\n<ul class=\"wp-block-list\">\n<li><strong>Liceo Antulafken<\/strong> (San Juan de la Costa): proyecto de atrapaniebla, guiado por Roxana Schilling.<\/li>\n\n\n\n<li><strong>Liceo Bicentenario Insular<\/strong> (Quinchao): <em>Sendero Educativo Agroinsular<\/em>, guiado por Julio P\u00e9rez.<\/li>\n\n\n\n<li><strong>Liceo Benjam\u00edn Mu\u00f1oz Gamero<\/strong> (Puerto Octay): <em>Cultivando Conciencia, Semillas de Vida<\/em>, guiado por Marialys Abello.<\/li>\n<\/ul>\n\n\n\n<p><strong>Instituciones de Educaci\u00f3n Superior (IES):<\/strong><\/p>\n\n\n\n<ul class=\"wp-block-list\">\n<li><strong>Arquitectura ULagos:<\/strong> <em>Par\u00e1metro cr\u00edtico en estudios de indicador UTCI en Ciudades del Borde Costero<\/em>, tutor Patricio Cruz.<\/li>\n\n\n\n<li><strong>Inacap Osorno:<\/strong> <em>Cultivando Futuro: educaci\u00f3n ambiental y h\u00e1bitos saludables en primera infancia<\/em>, tutor Jos\u00e9 Miguel Caquilp\u00e1n.<\/li>\n\n\n\n<li><strong>Agronom\u00eda ULagos:<\/strong> proyecto de forraje verde hidrop\u00f3nico, tutor Francisco Hern\u00e1ndez.<\/li>\n<\/ul>\n\n\n\n<h3 class=\"wp-block-heading\">Reacciones<\/h3>\n\n\n\n<p>James Fry, jefe de Divisi\u00f3n de Infraestructura y Transporte del Gobierno Regional, destac\u00f3:<\/p>\n\n\n\n<blockquote class=\"wp-block-quote is-layout-flow wp-block-quote-is-layout-flow\">\n<p>\u201cEstamos felices, nos llena el coraz\u00f3n ver todas estas iniciativas, porque pasamos de preocuparnos a ocuparnos de nuestras necesidades en infraestructura sustentable. Felicito a la Universidad de Los Lagos y a las instituciones participantes\u201d.<\/p>\n<\/blockquote>\n\n\n\n<p>Por su parte, Anita D\u00f6rner, vicerrectora del Campus Puerto Montt de la ULagos, se\u00f1al\u00f3:<\/p>\n\n\n\n<blockquote class=\"wp-block-quote is-layout-flow wp-block-quote-is-layout-flow\">\n<p>\u201cEste desaf\u00edo permite llevar la pr\u00e1ctica con las nuevas generaciones, generando propuestas que evidencian competencias de trabajo sistematizado y en equipo. Agradecemos al Gobierno Regional por disponer de recursos que impactan directamente en la comunidad estudiantil\u201d.<\/p>\n<\/blockquote>\n\n\n\n<h3 class=\"wp-block-heading\">Prototipos y financiamiento<\/h3>\n\n\n\n<p>Los seis equipos ganadores obtuvieron financiamiento para <strong>implementar sus proyectos<\/strong>, participando adem\u00e1s en talleres de trabajo con <strong>mentores expertos<\/strong>, perfeccionando hip\u00f3tesis, problem\u00e1ticas, propuestas y el impacto de sus iniciativas.<\/p>\n\n\n\n<p>Cristian Bucarey, encargado del componente Educaci\u00f3n del proyecto ISIC, explic\u00f3 que esta etapa permite preparar <strong>proyectos mejorados que ser\u00e1n prototipados en los pr\u00f3ximos meses<\/strong>.<\/p>\n\n\n\n<p>Mirna Brauning, directora del proyecto ISIC, agreg\u00f3:<\/p>\n\n\n\n<blockquote class=\"wp-block-quote is-layout-flow wp-block-quote-is-layout-flow\">\n<p>\u201cEl componente educaci\u00f3n es un pilar fundamental. A medida que logremos permear la visi\u00f3n de los j\u00f3venes sobre infraestructura sostenible e inclusiva, podremos planificar con base de sustentabilidad la regi\u00f3n que queremos\u201d.<\/p>\n<\/blockquote>\n","protected":false},"excerpt":{"rendered":"<p>La instancia convoc\u00f3 a estudiantes de educaci\u00f3n media t\u00e9cnico profesional y de educaci\u00f3n superior. En medio de la tranquilidad del lago Llanquihue, se llev\u00f3 a cabo el bootcamp de presentaci\u00f3n..<\/p>\n","protected":false},"author":7,"featured_media":14438,"comment_status":"closed","ping_status":"open","sticky":false,"template":"","format":"standard","meta":{"footnotes":""},"categories":[28,54],"tags":[],"class_list":["post-14437","post","type-post","status-publish","format-standard","has-post-thumbnail","hentry","category-actual","category-lago-llanquihue"],"rttpg_featured_image_url":{"full":["https:\/\/elconquistadorredloslagos.cl\/test\/wp-content\/uploads\/2025\/09\/Proyectos-sustentables-.png",1920,1080,false],"landscape":["https:\/\/elconquistadorredloslagos.cl\/test\/wp-content\/uploads\/2025\/09\/Proyectos-sustentables-.png",1920,1080,false],"portraits":["https:\/\/elconquistadorredloslagos.cl\/test\/wp-content\/uploads\/2025\/09\/Proyectos-sustentables-.png",1920,1080,false],"thumbnail":["https:\/\/elconquistadorredloslagos.cl\/test\/wp-content\/uploads\/2025\/09\/Proyectos-sustentables--150x150.png",150,150,true],"medium":["https:\/\/elconquistadorredloslagos.cl\/test\/wp-content\/uploads\/2025\/09\/Proyectos-sustentables--300x169.png",300,169,true],"large":["https:\/\/elconquistadorredloslagos.cl\/test\/wp-content\/uploads\/2025\/09\/Proyectos-sustentables--1024x576.png",1024,576,true],"1536x1536":["https:\/\/elconquistadorredloslagos.cl\/test\/wp-content\/uploads\/2025\/09\/Proyectos-sustentables--1536x864.png",1536,864,true],"2048x2048":["https:\/\/elconquistadorredloslagos.cl\/test\/wp-content\/uploads\/2025\/09\/Proyectos-sustentables-.png",1920,1080,false]},"rttpg_author":{"display_name":"enzodelahoz1988","author_link":"https:\/\/elconquistadorredloslagos.cl\/test\/blog\/author\/enzodelahoz1988\/"},"rttpg_comment":0,"rttpg_category":"<a href=\"https:\/\/elconquistadorredloslagos.cl\/test\/blog\/category\/actual\/\" rel=\"category tag\">Actualidad<\/a> <a href=\"https:\/\/elconquistadorredloslagos.cl\/test\/blog\/category\/chile\/lago-llanquihue\/\" rel=\"category tag\">Lago LLanquihue<\/a>","rttpg_excerpt":"La instancia convoc\u00f3 a estudiantes de educaci\u00f3n media t\u00e9cnico profesional y de educaci\u00f3n superior. En medio de la tranquilidad del lago Llanquihue, se llev\u00f3 a cabo el bootcamp de presentaci\u00f3n..","_links":{"self":[{"href":"https:\/\/elconquistadorredloslagos.cl\/test\/wp-json\/wp\/v2\/posts\/14437","targetHints":{"allow":["GET"]}}],"collection":[{"href":"https:\/\/elconquistadorredloslagos.cl\/test\/wp-json\/wp\/v2\/posts"}],"about":[{"href":"https:\/\/elconquistadorredloslagos.cl\/test\/wp-json\/wp\/v2\/types\/post"}],"author":[{"embeddable":true,"href":"https:\/\/elconquistadorredloslagos.cl\/test\/wp-json\/wp\/v2\/users\/7"}],"replies":[{"embeddable":true,"href":"https:\/\/elconquistadorredloslagos.cl\/test\/wp-json\/wp\/v2\/comments?post=14437"}],"version-history":[{"count":1,"href":"https:\/\/elconquistadorredloslagos.cl\/test\/wp-json\/wp\/v2\/posts\/14437\/revisions"}],"predecessor-version":[{"id":14439,"href":"https:\/\/elconquistadorredloslagos.cl\/test\/wp-json\/wp\/v2\/posts\/14437\/revisions\/14439"}],"wp:featuredmedia":[{"embeddable":true,"href":"https:\/\/elconquistadorredloslagos.cl\/test\/wp-json\/wp\/v2\/media\/14438"}],"wp:attachment":[{"href":"https:\/\/elconquistadorredloslagos.cl\/test\/wp-json\/wp\/v2\/media?parent=14437"}],"wp:term":[{"taxonomy":"category","embeddable":true,"href":"https:\/\/elconquistadorredloslagos.cl\/test\/wp-json\/wp\/v2\/categories?post=14437"},{"taxonomy":"post_tag","embeddable":true,"href":"https:\/\/elconquistadorredloslagos.cl\/test\/wp-json\/wp\/v2\/tags?post=14437"}],"curies":[{"name":"wp","href":"https:\/\/api.w.org\/{rel}","templated":true}]}}