{"id":14425,"date":"2025-09-26T15:16:30","date_gmt":"2025-09-26T18:16:30","guid":{"rendered":"https:\/\/elconquistadorredloslagos.cl\/test\/?p=14425"},"modified":"2025-09-26T15:16:31","modified_gmt":"2025-09-26T18:16:31","slug":"dalcahue-levanta-su-arbol-navideno-con-una-gran-minga-comunitaria-de-lana-chilota","status":"publish","type":"post","link":"https:\/\/elconquistadorredloslagos.cl\/test\/blog\/2025\/09\/26\/dalcahue-levanta-su-arbol-navideno-con-una-gran-minga-comunitaria-de-lana-chilota\/","title":{"rendered":"Dalcahue levanta su \u00e1rbol navide\u00f1o con una gran minga comunitaria de lana chilota"},"content":{"rendered":"\n<p>Dalcahue se prepara para vivir una navidad distinta, cargada de identidad, creatividad y participaci\u00f3n ciudadana. La comunidad, junto a las artesanas locales, est\u00e1 trabajando en la confecci\u00f3n de un \u00e1rbol navide\u00f1o de cinco metros de altura elaborado \u00edntegramente con lana chilota, uniendo tradici\u00f3n, patrimonio y el esp\u00edritu solidario de la minga y que ser\u00e1 instalado en la explanada de Dalcahue.<\/p>\n\n\n\n<p>La iniciativa naci\u00f3 en una reuni\u00f3n de trabajo encabezada por la alcaldesa Alejandra Villegas, quien plante\u00f3 la necesidad de que la navidad en Dalcahue tuviera un sello propio, enraizado en las tradiciones locales. De inmediato, la mesa de artesanos respald\u00f3 la propuesta, iniciando un proceso donde cada vecina y vecino puede sentirse parte.<\/p>\n\n\n\n<p>\u201cQueremos que este \u00e1rbol sea mucho m\u00e1s que una decoraci\u00f3n. Ser\u00e1 el reflejo de nuestra identidad, del trabajo en conjunto y del orgullo de ser dalcahuinos. Invitamos a toda la comunidad a sumarse, porque cada cuadrito tejido ser\u00e1 tambi\u00e9n un pedacito de historia y tradici\u00f3n compartida\u201d, se\u00f1al\u00f3 la alcaldesa Alejandra Villegas.<\/p>\n\n\n\n<p>El proyecto convoca a tejer cuadritos de 20 por 20 cent\u00edmetros, que pueden ser confeccionados en palillo o crochet, con lana te\u00f1ida naturalmente o con anilinas, y que luego se unir\u00e1n para dar forma al \u00e1rbol. Los vecinos pueden acercarse todos los jueves, de 11 a 14 horas, a la sala de ensayo de la Dideco, donde un grupo base de artesanas, que ya comenzaron el proceso, estar\u00e1 guiando el mismo. Tambi\u00e9n existe la posibilidad de entregar los tejidos directamente en el Departamento de Desarrollo Local.<\/p>\n\n\n\n<p>\u201cLo lindo de esta iniciativa es que todos podemos participar, desde nuestras casas o compartiendo en los talleres. As\u00ed logramos que las vecinas y vecinos se sientan parte de un mismo sue\u00f1o, transformando la Navidad en una verdadera minga textil\u201d, expres\u00f3 la primera autoridad comunal.<\/p>\n\n\n\n<p>De esta forma, Dalcahue transformar\u00e1 la celebraci\u00f3n navide\u00f1a en un acto colectivo de participaci\u00f3n, rescate de las tradiciones y fortalecimiento de los lazos comunitarios. El \u00e1rbol navide\u00f1o de lana chilota ser\u00e1 un s\u00edmbolo vivo de identidad, tejido con esfuerzo, cari\u00f1o y unidad.<\/p>\n\n\n\n<p><\/p>\n","protected":false},"excerpt":{"rendered":"<p>Dalcahue se prepara para vivir una navidad distinta, cargada de identidad, creatividad y participaci\u00f3n ciudadana. La comunidad, junto a las artesanas locales, est\u00e1 trabajando en la confecci\u00f3n de un \u00e1rbol..<\/p>\n","protected":false},"author":2,"featured_media":14426,"comment_status":"closed","ping_status":"open","sticky":false,"template":"","format":"standard","meta":{"footnotes":""},"categories":[1,28,51,34],"tags":[],"class_list":["post-14425","post","type-post","status-publish","format-standard","has-post-thumbnail","hentry","category-acontecer","category-actual","category-chiloe","category-cultura"],"rttpg_featured_image_url":{"full":["https:\/\/elconquistadorredloslagos.cl\/test\/wp-content\/uploads\/2025\/09\/img-98.jpg",1920,1080,false],"landscape":["https:\/\/elconquistadorredloslagos.cl\/test\/wp-content\/uploads\/2025\/09\/img-98.jpg",1920,1080,false],"portraits":["https:\/\/elconquistadorredloslagos.cl\/test\/wp-content\/uploads\/2025\/09\/img-98.jpg",1920,1080,false],"thumbnail":["https:\/\/elconquistadorredloslagos.cl\/test\/wp-content\/uploads\/2025\/09\/img-98-150x150.jpg",150,150,true],"medium":["https:\/\/elconquistadorredloslagos.cl\/test\/wp-content\/uploads\/2025\/09\/img-98-300x169.jpg",300,169,true],"large":["https:\/\/elconquistadorredloslagos.cl\/test\/wp-content\/uploads\/2025\/09\/img-98-1024x576.jpg",1024,576,true],"1536x1536":["https:\/\/elconquistadorredloslagos.cl\/test\/wp-content\/uploads\/2025\/09\/img-98-1536x864.jpg",1536,864,true],"2048x2048":["https:\/\/elconquistadorredloslagos.cl\/test\/wp-content\/uploads\/2025\/09\/img-98.jpg",1920,1080,false]},"rttpg_author":{"display_name":"ccardenas","author_link":"https:\/\/elconquistadorredloslagos.cl\/test\/blog\/author\/ccardenas\/"},"rttpg_comment":0,"rttpg_category":"<a href=\"https:\/\/elconquistadorredloslagos.cl\/test\/blog\/category\/actual\/acontecer\/\" rel=\"category tag\">Acontecer<\/a> <a href=\"https:\/\/elconquistadorredloslagos.cl\/test\/blog\/category\/actual\/\" rel=\"category tag\">Actualidad<\/a> <a href=\"https:\/\/elconquistadorredloslagos.cl\/test\/blog\/category\/chile\/chiloe\/\" rel=\"category tag\">Chilo\u00e9<\/a> <a href=\"https:\/\/elconquistadorredloslagos.cl\/test\/blog\/category\/cultura\/\" rel=\"category tag\">Cultural<\/a>","rttpg_excerpt":"Dalcahue se prepara para vivir una navidad distinta, cargada de identidad, creatividad y participaci\u00f3n ciudadana. La comunidad, junto a las artesanas locales, est\u00e1 trabajando en la confecci\u00f3n de un \u00e1rbol..","_links":{"self":[{"href":"https:\/\/elconquistadorredloslagos.cl\/test\/wp-json\/wp\/v2\/posts\/14425","targetHints":{"allow":["GET"]}}],"collection":[{"href":"https:\/\/elconquistadorredloslagos.cl\/test\/wp-json\/wp\/v2\/posts"}],"about":[{"href":"https:\/\/elconquistadorredloslagos.cl\/test\/wp-json\/wp\/v2\/types\/post"}],"author":[{"embeddable":true,"href":"https:\/\/elconquistadorredloslagos.cl\/test\/wp-json\/wp\/v2\/users\/2"}],"replies":[{"embeddable":true,"href":"https:\/\/elconquistadorredloslagos.cl\/test\/wp-json\/wp\/v2\/comments?post=14425"}],"version-history":[{"count":1,"href":"https:\/\/elconquistadorredloslagos.cl\/test\/wp-json\/wp\/v2\/posts\/14425\/revisions"}],"predecessor-version":[{"id":14427,"href":"https:\/\/elconquistadorredloslagos.cl\/test\/wp-json\/wp\/v2\/posts\/14425\/revisions\/14427"}],"wp:featuredmedia":[{"embeddable":true,"href":"https:\/\/elconquistadorredloslagos.cl\/test\/wp-json\/wp\/v2\/media\/14426"}],"wp:attachment":[{"href":"https:\/\/elconquistadorredloslagos.cl\/test\/wp-json\/wp\/v2\/media?parent=14425"}],"wp:term":[{"taxonomy":"category","embeddable":true,"href":"https:\/\/elconquistadorredloslagos.cl\/test\/wp-json\/wp\/v2\/categories?post=14425"},{"taxonomy":"post_tag","embeddable":true,"href":"https:\/\/elconquistadorredloslagos.cl\/test\/wp-json\/wp\/v2\/tags?post=14425"}],"curies":[{"name":"wp","href":"https:\/\/api.w.org\/{rel}","templated":true}]}}