{"id":14422,"date":"2025-09-26T15:09:41","date_gmt":"2025-09-26T18:09:41","guid":{"rendered":"https:\/\/elconquistadorredloslagos.cl\/test\/?p=14422"},"modified":"2025-09-26T15:09:42","modified_gmt":"2025-09-26T18:09:42","slug":"fiscalia-pedira-presidio-perpetuo-para-imputado-por-triple-homicidio-en-cayurruca","status":"publish","type":"post","link":"https:\/\/elconquistadorredloslagos.cl\/test\/blog\/2025\/09\/26\/fiscalia-pedira-presidio-perpetuo-para-imputado-por-triple-homicidio-en-cayurruca\/","title":{"rendered":"Fiscal\u00eda pedir\u00e1 presidio perpetuo para imputado por triple homicidio en Cayurruca"},"content":{"rendered":"\n<p>La investigaci\u00f3n por el brutal crimen que remeci\u00f3 a la comunidad de Cayurruca en marzo de 2024 entra en su recta final. La Fiscal\u00eda de R\u00edo Bueno confirm\u00f3 que solicitar\u00e1 presidio perpetuo para el \u00fanico imputado, acusado de asesinar a sangre fr\u00eda a Ra\u00fal Uribe, su esposa Alejandra Tapia y la hija de ambos, de solo 10 a\u00f1os.<\/p>\n\n\n\n<p>El fiscal Sergio Fuentes inform\u00f3 que el caso fue reformalizado tras comprobarse que Alejandra Tapia ten\u00eda 16 semanas de embarazo, lo que permiti\u00f3 a\u00f1adir el delito de aborto a los cargos. Adem\u00e1s, se incorpor\u00f3 la agravante de premeditaci\u00f3n a las ya existentes de alevos\u00eda y ensa\u00f1amiento.<\/p>\n\n\n\n<p>La \u00faltima diligencia pendiente corresponde a una reconstituci\u00f3n virtual de la escena, trabajo encomendado a especialistas de la Universidad Aut\u00f3noma de Temuco. Seg\u00fan explic\u00f3 Fuentes, esta herramienta permitir\u00e1 al tribunal comprender con mayor precisi\u00f3n c\u00f3mo se desarrollaron los hechos al interior del domicilio de la familia Uribe-Tapia.<\/p>\n\n\n\n<p>El imputado permanece en prisi\u00f3n preventiva y se ha mantenido en silencio durante todo el proceso. Incluso rechaz\u00f3 participar en las reconstituciones, tanto la tradicional como la digital. En el juicio se presentar\u00e1n los cargos de homicidio calificado, amenazas y aborto, delitos por los que el Ministerio P\u00fablico solicitar\u00e1 la pena m\u00e1xima.<\/p>\n\n\n\n<p>\ud83d\udcf7 Referencial<\/p>\n","protected":false},"excerpt":{"rendered":"<p>La investigaci\u00f3n por el brutal crimen que remeci\u00f3 a la comunidad de Cayurruca en marzo de 2024 entra en su recta final. La Fiscal\u00eda de R\u00edo Bueno confirm\u00f3 que solicitar\u00e1..<\/p>\n","protected":false},"author":2,"featured_media":14423,"comment_status":"closed","ping_status":"open","sticky":false,"template":"","format":"standard","meta":{"footnotes":""},"categories":[1,28,55],"tags":[],"class_list":["post-14422","post","type-post","status-publish","format-standard","has-post-thumbnail","hentry","category-acontecer","category-actual","category-osorno"],"rttpg_featured_image_url":{"full":["https:\/\/elconquistadorredloslagos.cl\/test\/wp-content\/uploads\/2025\/09\/img-97.jpg",1920,1080,false],"landscape":["https:\/\/elconquistadorredloslagos.cl\/test\/wp-content\/uploads\/2025\/09\/img-97.jpg",1920,1080,false],"portraits":["https:\/\/elconquistadorredloslagos.cl\/test\/wp-content\/uploads\/2025\/09\/img-97.jpg",1920,1080,false],"thumbnail":["https:\/\/elconquistadorredloslagos.cl\/test\/wp-content\/uploads\/2025\/09\/img-97-150x150.jpg",150,150,true],"medium":["https:\/\/elconquistadorredloslagos.cl\/test\/wp-content\/uploads\/2025\/09\/img-97-300x169.jpg",300,169,true],"large":["https:\/\/elconquistadorredloslagos.cl\/test\/wp-content\/uploads\/2025\/09\/img-97-1024x576.jpg",1024,576,true],"1536x1536":["https:\/\/elconquistadorredloslagos.cl\/test\/wp-content\/uploads\/2025\/09\/img-97-1536x864.jpg",1536,864,true],"2048x2048":["https:\/\/elconquistadorredloslagos.cl\/test\/wp-content\/uploads\/2025\/09\/img-97.jpg",1920,1080,false]},"rttpg_author":{"display_name":"ccardenas","author_link":"https:\/\/elconquistadorredloslagos.cl\/test\/blog\/author\/ccardenas\/"},"rttpg_comment":0,"rttpg_category":"<a href=\"https:\/\/elconquistadorredloslagos.cl\/test\/blog\/category\/actual\/acontecer\/\" rel=\"category tag\">Acontecer<\/a> <a href=\"https:\/\/elconquistadorredloslagos.cl\/test\/blog\/category\/actual\/\" rel=\"category tag\">Actualidad<\/a> <a href=\"https:\/\/elconquistadorredloslagos.cl\/test\/blog\/category\/chile\/osorno\/\" rel=\"category tag\">Osorno<\/a>","rttpg_excerpt":"La investigaci\u00f3n por el brutal crimen que remeci\u00f3 a la comunidad de Cayurruca en marzo de 2024 entra en su recta final. La Fiscal\u00eda de R\u00edo Bueno confirm\u00f3 que solicitar\u00e1..","_links":{"self":[{"href":"https:\/\/elconquistadorredloslagos.cl\/test\/wp-json\/wp\/v2\/posts\/14422","targetHints":{"allow":["GET"]}}],"collection":[{"href":"https:\/\/elconquistadorredloslagos.cl\/test\/wp-json\/wp\/v2\/posts"}],"about":[{"href":"https:\/\/elconquistadorredloslagos.cl\/test\/wp-json\/wp\/v2\/types\/post"}],"author":[{"embeddable":true,"href":"https:\/\/elconquistadorredloslagos.cl\/test\/wp-json\/wp\/v2\/users\/2"}],"replies":[{"embeddable":true,"href":"https:\/\/elconquistadorredloslagos.cl\/test\/wp-json\/wp\/v2\/comments?post=14422"}],"version-history":[{"count":1,"href":"https:\/\/elconquistadorredloslagos.cl\/test\/wp-json\/wp\/v2\/posts\/14422\/revisions"}],"predecessor-version":[{"id":14424,"href":"https:\/\/elconquistadorredloslagos.cl\/test\/wp-json\/wp\/v2\/posts\/14422\/revisions\/14424"}],"wp:featuredmedia":[{"embeddable":true,"href":"https:\/\/elconquistadorredloslagos.cl\/test\/wp-json\/wp\/v2\/media\/14423"}],"wp:attachment":[{"href":"https:\/\/elconquistadorredloslagos.cl\/test\/wp-json\/wp\/v2\/media?parent=14422"}],"wp:term":[{"taxonomy":"category","embeddable":true,"href":"https:\/\/elconquistadorredloslagos.cl\/test\/wp-json\/wp\/v2\/categories?post=14422"},{"taxonomy":"post_tag","embeddable":true,"href":"https:\/\/elconquistadorredloslagos.cl\/test\/wp-json\/wp\/v2\/tags?post=14422"}],"curies":[{"name":"wp","href":"https:\/\/api.w.org\/{rel}","templated":true}]}}