{"id":14416,"date":"2025-09-26T11:45:14","date_gmt":"2025-09-26T14:45:14","guid":{"rendered":"https:\/\/elconquistadorredloslagos.cl\/test\/?p=14416"},"modified":"2025-09-26T11:45:15","modified_gmt":"2025-09-26T14:45:15","slug":"puerto-montt-sera-sede-continental-de-capacitacion-bomberil-tras-destacada-participacion-en-la-oba-2025","status":"publish","type":"post","link":"https:\/\/elconquistadorredloslagos.cl\/test\/blog\/2025\/09\/26\/puerto-montt-sera-sede-continental-de-capacitacion-bomberil-tras-destacada-participacion-en-la-oba-2025\/","title":{"rendered":"Puerto Montt ser\u00e1 sede continental de capacitaci\u00f3n bomberil tras destacada participaci\u00f3n en la OBA 2025"},"content":{"rendered":"\n<p>El Cuerpo de Bomberos de Puerto Montt logr\u00f3 la aprobaci\u00f3n de un curso internacional sobre emergencias qu\u00edmicas y ambientales, que convocar\u00e1 a voluntarios de toda Am\u00e9rica Latina.<\/p>\n\n\n\n<p>El Cuerpo de Bomberos de Puerto Montt particip\u00f3 en la reuni\u00f3n anual de la <strong>Organizaci\u00f3n de Bomberos Americanos (OBA)<\/strong>, realizada en Tuxtla Guti\u00e9rrez, M\u00e9xico, donde obtuvo la aprobaci\u00f3n para organizar en la capital regional un <strong>Curso de Respuesta a Emergencias Qu\u00edmicas y Ambientales \u2013 Nivel Operador<\/strong>, destinado a bomberos de todo el continente.<\/p>\n\n\n\n<p>La delegaci\u00f3n estuvo compuesta por el superintendente <strong>Jaime Jonshon C\u00e1rdenas<\/strong>, el tercer comandante <strong>Daniel Hurtado Leal<\/strong> y la voluntaria <strong>Claudia Vargas G\u00f3mez<\/strong>, quienes representaron a Chile en una instancia que reuni\u00f3 a delegaciones de todo el continente para fortalecer la cooperaci\u00f3n t\u00e9cnica, formativa y operativa entre cuerpos de bomberos.<\/p>\n\n\n\n<p>Durante la cita, los representantes puertomontinos participaron en sesiones administrativas, acad\u00e9micas y de equidad de g\u00e9nero, adem\u00e1s de sostener encuentros con proveedores y patrocinadores de equipamiento especializado. Estas instancias permitieron conocer nuevas tecnolog\u00edas, establecer v\u00ednculos estrat\u00e9gicos y compartir experiencias orientadas a mejorar el servicio bomberil.<\/p>\n\n\n\n<p>\u201cFueron d\u00edas de intenso trabajo en m\u00faltiples aspectos del quehacer institucional, abordando materias como la integraci\u00f3n operativa de la mujer en el control de emergencias, realidad en la que en Chile estamos m\u00e1s avanzados que en el resto de Am\u00e9rica Latina. Tambi\u00e9n se acord\u00f3 una plataforma integrada de capacitaci\u00f3n continental con 12 cursos y conocimos los \u00faltimos avances tecnol\u00f3gicos en equipamiento para Bomberos\u201d, explic\u00f3 el comandante Hurtado.<\/p>\n\n\n\n<p>Uno de los hitos m\u00e1s relevantes fue la <strong>aprobaci\u00f3n del curso internacional que se realizar\u00e1 en Puerto Montt<\/strong>, lo que consolida a la ciudad como referente en formaci\u00f3n especializada. Este reconocimiento se da en un contexto donde, solo entre 2024 y 2025, m\u00e1s de <strong>117 mil bomberos de Am\u00e9rica<\/strong> se inscribieron en actividades de capacitaci\u00f3n de la OBA.<\/p>\n\n\n\n<p>\u201cSe trata de una actividad que por d\u00e9cadas hemos desarrollado en el Cuerpo de Bomberos de Puerto Montt, que desde 2023 cuenta con el primer equipo acreditado en Chile para responder a incidentes con materiales peligrosos (Hazmat) bajo el Sistema Nacional de Operaciones (SNO). Hoy hemos puesto toda esta experiencia a disposici\u00f3n de los bomberos del continente. Ser sede de un curso internacional no solo reconoce la trayectoria y preparaci\u00f3n de nuestros voluntarios, sino que proyecta a Puerto Montt como un polo de formaci\u00f3n estrat\u00e9gica para Am\u00e9rica Latina\u201d, se\u00f1al\u00f3 el superintendente Jonshon.<\/p>\n\n\n\n<p>Finalmente, el oficial destac\u00f3 que la incorporaci\u00f3n activa del Cuerpo de Bomberos de Puerto Montt a la OBA ha permitido \u201c<strong>consolidar redes de colaboraci\u00f3n, intercambiar conocimientos y reafirmar el compromiso institucional con la excelencia, la seguridad de nuestros voluntarios y la entrega de un servicio eficiente y profesional a la comunidad<\/strong>\u201d.<\/p>\n","protected":false},"excerpt":{"rendered":"<p>El Cuerpo de Bomberos de Puerto Montt logr\u00f3 la aprobaci\u00f3n de un curso internacional sobre emergencias qu\u00edmicas y ambientales, que convocar\u00e1 a voluntarios de toda Am\u00e9rica Latina. El Cuerpo de..<\/p>\n","protected":false},"author":7,"featured_media":14417,"comment_status":"closed","ping_status":"open","sticky":false,"template":"","format":"standard","meta":{"footnotes":""},"categories":[28,56],"tags":[],"class_list":["post-14416","post","type-post","status-publish","format-standard","has-post-thumbnail","hentry","category-actual","category-puerto-montt"],"rttpg_featured_image_url":{"full":["https:\/\/elconquistadorredloslagos.cl\/test\/wp-content\/uploads\/2025\/09\/bomberos-puerto-montt-1.png",1920,1080,false],"landscape":["https:\/\/elconquistadorredloslagos.cl\/test\/wp-content\/uploads\/2025\/09\/bomberos-puerto-montt-1.png",1920,1080,false],"portraits":["https:\/\/elconquistadorredloslagos.cl\/test\/wp-content\/uploads\/2025\/09\/bomberos-puerto-montt-1.png",1920,1080,false],"thumbnail":["https:\/\/elconquistadorredloslagos.cl\/test\/wp-content\/uploads\/2025\/09\/bomberos-puerto-montt-1-150x150.png",150,150,true],"medium":["https:\/\/elconquistadorredloslagos.cl\/test\/wp-content\/uploads\/2025\/09\/bomberos-puerto-montt-1-300x169.png",300,169,true],"large":["https:\/\/elconquistadorredloslagos.cl\/test\/wp-content\/uploads\/2025\/09\/bomberos-puerto-montt-1-1024x576.png",1024,576,true],"1536x1536":["https:\/\/elconquistadorredloslagos.cl\/test\/wp-content\/uploads\/2025\/09\/bomberos-puerto-montt-1-1536x864.png",1536,864,true],"2048x2048":["https:\/\/elconquistadorredloslagos.cl\/test\/wp-content\/uploads\/2025\/09\/bomberos-puerto-montt-1.png",1920,1080,false]},"rttpg_author":{"display_name":"enzodelahoz1988","author_link":"https:\/\/elconquistadorredloslagos.cl\/test\/blog\/author\/enzodelahoz1988\/"},"rttpg_comment":0,"rttpg_category":"<a href=\"https:\/\/elconquistadorredloslagos.cl\/test\/blog\/category\/actual\/\" rel=\"category tag\">Actualidad<\/a> <a href=\"https:\/\/elconquistadorredloslagos.cl\/test\/blog\/category\/chile\/puerto-montt\/\" rel=\"category tag\">Puerto Montt<\/a>","rttpg_excerpt":"El Cuerpo de Bomberos de Puerto Montt logr\u00f3 la aprobaci\u00f3n de un curso internacional sobre emergencias qu\u00edmicas y ambientales, que convocar\u00e1 a voluntarios de toda Am\u00e9rica Latina. El Cuerpo de..","_links":{"self":[{"href":"https:\/\/elconquistadorredloslagos.cl\/test\/wp-json\/wp\/v2\/posts\/14416","targetHints":{"allow":["GET"]}}],"collection":[{"href":"https:\/\/elconquistadorredloslagos.cl\/test\/wp-json\/wp\/v2\/posts"}],"about":[{"href":"https:\/\/elconquistadorredloslagos.cl\/test\/wp-json\/wp\/v2\/types\/post"}],"author":[{"embeddable":true,"href":"https:\/\/elconquistadorredloslagos.cl\/test\/wp-json\/wp\/v2\/users\/7"}],"replies":[{"embeddable":true,"href":"https:\/\/elconquistadorredloslagos.cl\/test\/wp-json\/wp\/v2\/comments?post=14416"}],"version-history":[{"count":1,"href":"https:\/\/elconquistadorredloslagos.cl\/test\/wp-json\/wp\/v2\/posts\/14416\/revisions"}],"predecessor-version":[{"id":14418,"href":"https:\/\/elconquistadorredloslagos.cl\/test\/wp-json\/wp\/v2\/posts\/14416\/revisions\/14418"}],"wp:featuredmedia":[{"embeddable":true,"href":"https:\/\/elconquistadorredloslagos.cl\/test\/wp-json\/wp\/v2\/media\/14417"}],"wp:attachment":[{"href":"https:\/\/elconquistadorredloslagos.cl\/test\/wp-json\/wp\/v2\/media?parent=14416"}],"wp:term":[{"taxonomy":"category","embeddable":true,"href":"https:\/\/elconquistadorredloslagos.cl\/test\/wp-json\/wp\/v2\/categories?post=14416"},{"taxonomy":"post_tag","embeddable":true,"href":"https:\/\/elconquistadorredloslagos.cl\/test\/wp-json\/wp\/v2\/tags?post=14416"}],"curies":[{"name":"wp","href":"https:\/\/api.w.org\/{rel}","templated":true}]}}