{"id":14413,"date":"2025-09-26T11:37:37","date_gmt":"2025-09-26T14:37:37","guid":{"rendered":"https:\/\/elconquistadorredloslagos.cl\/test\/?p=14413"},"modified":"2025-09-26T11:37:38","modified_gmt":"2025-09-26T14:37:38","slug":"andes-salud-puerto-montt-realiza-cirugia-inedita-de-remodelacion-craneal-en-lactante-de-6-meses","status":"publish","type":"post","link":"https:\/\/elconquistadorredloslagos.cl\/test\/blog\/2025\/09\/26\/andes-salud-puerto-montt-realiza-cirugia-inedita-de-remodelacion-craneal-en-lactante-de-6-meses\/","title":{"rendered":"Andes Salud Puerto Montt realiza cirug\u00eda in\u00e9dita de remodelaci\u00f3n craneal en lactante de 6 meses"},"content":{"rendered":"\n<p>El procedimiento, de alta complejidad, marca un hito para la descentralizaci\u00f3n de la medicina en el sur de Chile, evitando el traslado de pacientes a Santiago.<\/p>\n\n\n\n<p>Cl\u00ednica Andes Salud Puerto Montt realiz\u00f3 con \u00e9xito una <strong>cirug\u00eda in\u00e9dita de remodelaci\u00f3n craneal<\/strong> en un lactante de seis meses diagnosticado con una malformaci\u00f3n cong\u00e9nita de alto riesgo neurol\u00f3gico.<\/p>\n\n\n\n<p>La intervenci\u00f3n consisti\u00f3 en la extracci\u00f3n de una regi\u00f3n del cr\u00e1neo y la remodelaci\u00f3n de los huesos an\u00f3malos, con el objetivo de <strong>normalizar el volumen craneal y prevenir da\u00f1o neurol\u00f3gico<\/strong>. Este tipo de malformaciones puede provocar hipertensi\u00f3n endocraneana, afectar el desarrollo neurol\u00f3gico y generar problemas visuales \u2014como estrabismo o ambliop\u00eda\u2014, adem\u00e1s de alteraciones en la articulaci\u00f3n temporomandibular que dificultan la masticaci\u00f3n.<\/p>\n\n\n\n<p>El paciente, originario de Futrono, hab\u00eda sido derivado inicialmente a Santiago, pero gracias a la experiencia del equipo m\u00e9dico y la infraestructura de la cl\u00ednica, la cirug\u00eda pudo realizarse exitosamente en <strong>Puerto Montt<\/strong>, marcando un precedente en la descentralizaci\u00f3n de la medicina de alta complejidad en la regi\u00f3n de Los Lagos.<\/p>\n\n\n\n<p>La operaci\u00f3n fue liderada por el <strong>Dr. Pedro Castro<\/strong>, neurocirujano pedi\u00e1trico de Andes Salud, junto a un equipo multidisciplinario de anestesistas, enfermeras, arsenaleras y profesionales cl\u00ednicos.<br>\u201cEste tipo de cirug\u00edas tradicionalmente se derivaban a Santiago, muchas veces en forma tard\u00eda. Hoy, con la experiencia y la tecnolog\u00eda que tenemos en Andes Salud, podemos resolverlas aqu\u00ed mismo, evitando traslados innecesarios y acercando la salud de alta complejidad a los pacientes de la regi\u00f3n\u201d, destac\u00f3 el Dr. Castro.<\/p>\n\n\n\n<p>Adem\u00e1s del impacto m\u00e9dico, la intervenci\u00f3n ofrece beneficios est\u00e9ticos y psicol\u00f3gicos. Seg\u00fan el especialista, los pacientes con malformaciones craneales no tratadas presentan mayores riesgos de problemas de salud mental, dificultades afectivas y mayores tasas de desempleo en la adultez.<\/p>\n\n\n\n<p>La madre del beb\u00e9 agradeci\u00f3 la atenci\u00f3n recibida:<br>\u201cNos recomendaron Andes Salud y nos dijeron que los mejores neurocirujanos estaban aqu\u00ed. El doctor nos explic\u00f3 cada detalle antes de la cirug\u00eda, lo que nos dio mucha tranquilidad. El resultado fue mejor del que esper\u00e1bamos y estamos muy felices. La atenci\u00f3n de todos los profesionales ha sido excelente, siempre cercanos, emp\u00e1ticos y muy preocupados de mi beb\u00e9\u201d, relat\u00f3 emocionada.<\/p>\n\n\n\n<p>A un mes de la cirug\u00eda, el paciente evolucion\u00f3 favorablemente y se encuentra en buen estado, lo que representa un alivio para su familia y un logro para el equipo m\u00e9dico. Este procedimiento <strong>consolida a Andes Salud Puerto Montt como referente en cirug\u00edas pedi\u00e1tricas de alta complejidad en el sur de Chile<\/strong>, abriendo la puerta a nuevas intervenciones de este nivel y mejorando la calidad de vida de los pacientes y sus familias.<\/p>\n","protected":false},"excerpt":{"rendered":"<p>El procedimiento, de alta complejidad, marca un hito para la descentralizaci\u00f3n de la medicina en el sur de Chile, evitando el traslado de pacientes a Santiago. Cl\u00ednica Andes Salud Puerto..<\/p>\n","protected":false},"author":7,"featured_media":14414,"comment_status":"closed","ping_status":"open","sticky":false,"template":"","format":"standard","meta":{"footnotes":""},"categories":[1,28,56],"tags":[],"class_list":["post-14413","post","type-post","status-publish","format-standard","has-post-thumbnail","hentry","category-acontecer","category-actual","category-puerto-montt"],"rttpg_featured_image_url":{"full":["https:\/\/elconquistadorredloslagos.cl\/test\/wp-content\/uploads\/2025\/09\/andes-salud.png",1920,1080,false],"landscape":["https:\/\/elconquistadorredloslagos.cl\/test\/wp-content\/uploads\/2025\/09\/andes-salud.png",1920,1080,false],"portraits":["https:\/\/elconquistadorredloslagos.cl\/test\/wp-content\/uploads\/2025\/09\/andes-salud.png",1920,1080,false],"thumbnail":["https:\/\/elconquistadorredloslagos.cl\/test\/wp-content\/uploads\/2025\/09\/andes-salud-150x150.png",150,150,true],"medium":["https:\/\/elconquistadorredloslagos.cl\/test\/wp-content\/uploads\/2025\/09\/andes-salud-300x169.png",300,169,true],"large":["https:\/\/elconquistadorredloslagos.cl\/test\/wp-content\/uploads\/2025\/09\/andes-salud-1024x576.png",1024,576,true],"1536x1536":["https:\/\/elconquistadorredloslagos.cl\/test\/wp-content\/uploads\/2025\/09\/andes-salud-1536x864.png",1536,864,true],"2048x2048":["https:\/\/elconquistadorredloslagos.cl\/test\/wp-content\/uploads\/2025\/09\/andes-salud.png",1920,1080,false]},"rttpg_author":{"display_name":"enzodelahoz1988","author_link":"https:\/\/elconquistadorredloslagos.cl\/test\/blog\/author\/enzodelahoz1988\/"},"rttpg_comment":0,"rttpg_category":"<a href=\"https:\/\/elconquistadorredloslagos.cl\/test\/blog\/category\/actual\/acontecer\/\" rel=\"category tag\">Acontecer<\/a> <a href=\"https:\/\/elconquistadorredloslagos.cl\/test\/blog\/category\/actual\/\" rel=\"category tag\">Actualidad<\/a> <a href=\"https:\/\/elconquistadorredloslagos.cl\/test\/blog\/category\/chile\/puerto-montt\/\" rel=\"category tag\">Puerto Montt<\/a>","rttpg_excerpt":"El procedimiento, de alta complejidad, marca un hito para la descentralizaci\u00f3n de la medicina en el sur de Chile, evitando el traslado de pacientes a Santiago. Cl\u00ednica Andes Salud Puerto..","_links":{"self":[{"href":"https:\/\/elconquistadorredloslagos.cl\/test\/wp-json\/wp\/v2\/posts\/14413","targetHints":{"allow":["GET"]}}],"collection":[{"href":"https:\/\/elconquistadorredloslagos.cl\/test\/wp-json\/wp\/v2\/posts"}],"about":[{"href":"https:\/\/elconquistadorredloslagos.cl\/test\/wp-json\/wp\/v2\/types\/post"}],"author":[{"embeddable":true,"href":"https:\/\/elconquistadorredloslagos.cl\/test\/wp-json\/wp\/v2\/users\/7"}],"replies":[{"embeddable":true,"href":"https:\/\/elconquistadorredloslagos.cl\/test\/wp-json\/wp\/v2\/comments?post=14413"}],"version-history":[{"count":1,"href":"https:\/\/elconquistadorredloslagos.cl\/test\/wp-json\/wp\/v2\/posts\/14413\/revisions"}],"predecessor-version":[{"id":14415,"href":"https:\/\/elconquistadorredloslagos.cl\/test\/wp-json\/wp\/v2\/posts\/14413\/revisions\/14415"}],"wp:featuredmedia":[{"embeddable":true,"href":"https:\/\/elconquistadorredloslagos.cl\/test\/wp-json\/wp\/v2\/media\/14414"}],"wp:attachment":[{"href":"https:\/\/elconquistadorredloslagos.cl\/test\/wp-json\/wp\/v2\/media?parent=14413"}],"wp:term":[{"taxonomy":"category","embeddable":true,"href":"https:\/\/elconquistadorredloslagos.cl\/test\/wp-json\/wp\/v2\/categories?post=14413"},{"taxonomy":"post_tag","embeddable":true,"href":"https:\/\/elconquistadorredloslagos.cl\/test\/wp-json\/wp\/v2\/tags?post=14413"}],"curies":[{"name":"wp","href":"https:\/\/api.w.org\/{rel}","templated":true}]}}