{"id":14410,"date":"2025-09-26T11:28:47","date_gmt":"2025-09-26T14:28:47","guid":{"rendered":"https:\/\/elconquistadorredloslagos.cl\/test\/?p=14410"},"modified":"2025-09-26T11:28:47","modified_gmt":"2025-09-26T14:28:47","slug":"camanchaca-s-a-participara-por-tercer-ano-consecutivo-en-espacio-food-service","status":"publish","type":"post","link":"https:\/\/elconquistadorredloslagos.cl\/test\/blog\/2025\/09\/26\/camanchaca-s-a-participara-por-tercer-ano-consecutivo-en-espacio-food-service\/","title":{"rendered":"Camanchaca S.A. participar\u00e1 por tercer a\u00f1o consecutivo en Espacio Food &amp; Service"},"content":{"rendered":"\n<p>La compa\u00f1\u00eda presentar\u00e1 la versatilidad de sus productos del mar con degustaciones, promociones exclusivas y activaciones culinarias a cargo de reconocidos chefs.<\/p>\n\n\n\n<p>Camanchaca S.A. estar\u00e1 presente, por tercer a\u00f1o consecutivo, en <strong>Espacio Food &amp; Service<\/strong>, la feria de la industria alimentaria m\u00e1s importante de Chile, que se realizar\u00e1 entre el 30 de septiembre y el 2 de octubre en <strong>Espacio Riesco<\/strong>.<\/p>\n\n\n\n<p>Constanza Gonz\u00e1lez, subgerente de Marketing de Camanchaca, destac\u00f3 que \u201cnuestra participaci\u00f3n en Espacio Food &amp; Service es una oportunidad \u00fanica para encontrarnos con clientes y consumidores, mostrarles la calidad de nuestros productos y, al mismo tiempo, sorprenderlos con nuevas experiencias culinarias que refuerzan nuestra propuesta de valor\u201d.<\/p>\n\n\n\n<p>La compa\u00f1\u00eda contar\u00e1 con un stand de 19 m\u00b2 en el <strong>Pabell\u00f3n del Mar<\/strong>, donde destacar\u00e1n la reconocida dispensadora de jurel <em>\u201cJurelm\u00e1tica\u201d<\/em>, \u00fanica en su tipo, y la zona de productos congelados, cuyos protagonistas ser\u00e1n el <strong>salm\u00f3n y los mejillones<\/strong>, disponibles en distintos formatos y a precios especiales, exclusivos para la ocasi\u00f3n.<\/p>\n\n\n\n<p>Uno de los grandes atractivos del Pabell\u00f3n ser\u00e1 la <strong>cocina en vivo<\/strong>, a cargo de destacados chefs. Tras su participaci\u00f3n en ENBHIGA 2025 en Per\u00fa, la chef chonchina <strong>Natalia Tapia<\/strong> se presentar\u00e1 en el escenario de cocina interactiva con una propuesta basada en salm\u00f3n y mejillones. Por su parte, el chef <strong>Manuel Matamala<\/strong> sorprender\u00e1 con recetas innovadoras elaboradas en base a jurel.<\/p>\n\n\n\n<p>En l\u00ednea con su misi\u00f3n de <strong>alimentar al mundo desde el mar<\/strong>, Camanchaca refuerza en esta feria su compromiso con la producci\u00f3n de prote\u00ednas de alto valor nutricional, elaboradas de manera sostenible y con especial cuidado por el medioambiente y las comunidades donde opera.<\/p>\n\n\n\n<p>Adem\u00e1s, durante la feria se realizar\u00e1 la <strong>premiaci\u00f3n ProPescado<\/strong>, instancia en la que Camanchaca reconocer\u00e1 a dos de sus colaboradores por su trayectoria y aporte a la compa\u00f1\u00eda: <strong>Alfonzo Zapata<\/strong>, tripulante de la regi\u00f3n del Biob\u00edo, y <strong>Mauricio Mart\u00ednez<\/strong>, trabajador de la Planta de Procesos.<\/p>\n","protected":false},"excerpt":{"rendered":"<p>La compa\u00f1\u00eda presentar\u00e1 la versatilidad de sus productos del mar con degustaciones, promociones exclusivas y activaciones culinarias a cargo de reconocidos chefs. Camanchaca S.A. estar\u00e1 presente, por tercer a\u00f1o consecutivo,..<\/p>\n","protected":false},"author":7,"featured_media":14411,"comment_status":"closed","ping_status":"open","sticky":false,"template":"","format":"standard","meta":{"footnotes":""},"categories":[1,28,25],"tags":[],"class_list":["post-14410","post","type-post","status-publish","format-standard","has-post-thumbnail","hentry","category-acontecer","category-actual","category-empresas"],"rttpg_featured_image_url":{"full":["https:\/\/elconquistadorredloslagos.cl\/test\/wp-content\/uploads\/2025\/09\/camanchaca.png",1920,1080,false],"landscape":["https:\/\/elconquistadorredloslagos.cl\/test\/wp-content\/uploads\/2025\/09\/camanchaca.png",1920,1080,false],"portraits":["https:\/\/elconquistadorredloslagos.cl\/test\/wp-content\/uploads\/2025\/09\/camanchaca.png",1920,1080,false],"thumbnail":["https:\/\/elconquistadorredloslagos.cl\/test\/wp-content\/uploads\/2025\/09\/camanchaca-150x150.png",150,150,true],"medium":["https:\/\/elconquistadorredloslagos.cl\/test\/wp-content\/uploads\/2025\/09\/camanchaca-300x169.png",300,169,true],"large":["https:\/\/elconquistadorredloslagos.cl\/test\/wp-content\/uploads\/2025\/09\/camanchaca-1024x576.png",1024,576,true],"1536x1536":["https:\/\/elconquistadorredloslagos.cl\/test\/wp-content\/uploads\/2025\/09\/camanchaca-1536x864.png",1536,864,true],"2048x2048":["https:\/\/elconquistadorredloslagos.cl\/test\/wp-content\/uploads\/2025\/09\/camanchaca.png",1920,1080,false]},"rttpg_author":{"display_name":"enzodelahoz1988","author_link":"https:\/\/elconquistadorredloslagos.cl\/test\/blog\/author\/enzodelahoz1988\/"},"rttpg_comment":0,"rttpg_category":"<a href=\"https:\/\/elconquistadorredloslagos.cl\/test\/blog\/category\/actual\/acontecer\/\" rel=\"category tag\">Acontecer<\/a> <a href=\"https:\/\/elconquistadorredloslagos.cl\/test\/blog\/category\/actual\/\" rel=\"category tag\">Actualidad<\/a> <a href=\"https:\/\/elconquistadorredloslagos.cl\/test\/blog\/category\/empresas\/\" rel=\"category tag\">Empresarial<\/a>","rttpg_excerpt":"La compa\u00f1\u00eda presentar\u00e1 la versatilidad de sus productos del mar con degustaciones, promociones exclusivas y activaciones culinarias a cargo de reconocidos chefs. Camanchaca S.A. estar\u00e1 presente, por tercer a\u00f1o consecutivo,..","_links":{"self":[{"href":"https:\/\/elconquistadorredloslagos.cl\/test\/wp-json\/wp\/v2\/posts\/14410","targetHints":{"allow":["GET"]}}],"collection":[{"href":"https:\/\/elconquistadorredloslagos.cl\/test\/wp-json\/wp\/v2\/posts"}],"about":[{"href":"https:\/\/elconquistadorredloslagos.cl\/test\/wp-json\/wp\/v2\/types\/post"}],"author":[{"embeddable":true,"href":"https:\/\/elconquistadorredloslagos.cl\/test\/wp-json\/wp\/v2\/users\/7"}],"replies":[{"embeddable":true,"href":"https:\/\/elconquistadorredloslagos.cl\/test\/wp-json\/wp\/v2\/comments?post=14410"}],"version-history":[{"count":1,"href":"https:\/\/elconquistadorredloslagos.cl\/test\/wp-json\/wp\/v2\/posts\/14410\/revisions"}],"predecessor-version":[{"id":14412,"href":"https:\/\/elconquistadorredloslagos.cl\/test\/wp-json\/wp\/v2\/posts\/14410\/revisions\/14412"}],"wp:featuredmedia":[{"embeddable":true,"href":"https:\/\/elconquistadorredloslagos.cl\/test\/wp-json\/wp\/v2\/media\/14411"}],"wp:attachment":[{"href":"https:\/\/elconquistadorredloslagos.cl\/test\/wp-json\/wp\/v2\/media?parent=14410"}],"wp:term":[{"taxonomy":"category","embeddable":true,"href":"https:\/\/elconquistadorredloslagos.cl\/test\/wp-json\/wp\/v2\/categories?post=14410"},{"taxonomy":"post_tag","embeddable":true,"href":"https:\/\/elconquistadorredloslagos.cl\/test\/wp-json\/wp\/v2\/tags?post=14410"}],"curies":[{"name":"wp","href":"https:\/\/api.w.org\/{rel}","templated":true}]}}