{"id":14406,"date":"2025-09-25T16:48:07","date_gmt":"2025-09-25T19:48:07","guid":{"rendered":"https:\/\/elconquistadorredloslagos.cl\/test\/?p=14406"},"modified":"2025-09-25T16:48:08","modified_gmt":"2025-09-25T19:48:08","slug":"confirman-prision-preventiva-y-arresto-domiciliario-en-caso-por-torturas-en-osorno","status":"publish","type":"post","link":"https:\/\/elconquistadorredloslagos.cl\/test\/blog\/2025\/09\/25\/confirman-prision-preventiva-y-arresto-domiciliario-en-caso-por-torturas-en-osorno\/","title":{"rendered":"Confirman prisi\u00f3n preventiva y arresto domiciliario en caso por torturas en Osorno"},"content":{"rendered":"\n<p>La Corte de Apelaciones de Valdivia confirm\u00f3 las medidas cautelares dictadas contra cuatro ex funcionarios del Hospital Base de Osorno imputados por el delito reiterado de tortura, il\u00edcitos cometidos entre 2018 y 2020.<\/p>\n\n\n\n<p>El tribunal ratific\u00f3 la prisi\u00f3n preventiva para R.A.R.M. y E.A.G.A., mientras que mantuvo el arresto domiciliario total y el arraigo nacional de J.P.A.N.G. y J.A.B.H. La resoluci\u00f3n se dio tras analizar los recursos presentados por las defensas, que ped\u00edan sustituir las cautelares por arresto domiciliario nocturno, lo que fue rechazado.<\/p>\n\n\n\n<p>La Corte tambi\u00e9n desestim\u00f3 las solicitudes del Ministerio P\u00fablico y de los querellantes (el Instituto Nacional de Derechos Humanos y el Consejo de Defensa del Estado) quienes buscaban que los dos imputados bajo arresto domiciliario fueran enviados a prisi\u00f3n preventiva, argumentando la gravedad de los hechos y la ausencia de atenuantes.<\/p>\n\n\n\n<p>La investigaci\u00f3n tendr\u00e1 un plazo de 100 d\u00edas y est\u00e1 centrada en una querella presentada por el CDE, que acusa a los ex funcionarios de apremios ileg\u00edtimos reiterados contra un joven trabajador del hospital, adem\u00e1s de responsabilizar a quienes pudieran haber participado como autores, c\u00f3mplices o encubridores.<\/p>\n","protected":false},"excerpt":{"rendered":"<p>La Corte de Apelaciones de Valdivia confirm\u00f3 las medidas cautelares dictadas contra cuatro ex funcionarios del Hospital Base de Osorno imputados por el delito reiterado de tortura, il\u00edcitos cometidos entre..<\/p>\n","protected":false},"author":2,"featured_media":14407,"comment_status":"closed","ping_status":"open","sticky":false,"template":"","format":"standard","meta":{"footnotes":""},"categories":[1,28,55],"tags":[],"class_list":["post-14406","post","type-post","status-publish","format-standard","has-post-thumbnail","hentry","category-acontecer","category-actual","category-osorno"],"rttpg_featured_image_url":{"full":["https:\/\/elconquistadorredloslagos.cl\/test\/wp-content\/uploads\/2025\/09\/img-96.jpg",1920,1080,false],"landscape":["https:\/\/elconquistadorredloslagos.cl\/test\/wp-content\/uploads\/2025\/09\/img-96.jpg",1920,1080,false],"portraits":["https:\/\/elconquistadorredloslagos.cl\/test\/wp-content\/uploads\/2025\/09\/img-96.jpg",1920,1080,false],"thumbnail":["https:\/\/elconquistadorredloslagos.cl\/test\/wp-content\/uploads\/2025\/09\/img-96-150x150.jpg",150,150,true],"medium":["https:\/\/elconquistadorredloslagos.cl\/test\/wp-content\/uploads\/2025\/09\/img-96-300x169.jpg",300,169,true],"large":["https:\/\/elconquistadorredloslagos.cl\/test\/wp-content\/uploads\/2025\/09\/img-96-1024x576.jpg",1024,576,true],"1536x1536":["https:\/\/elconquistadorredloslagos.cl\/test\/wp-content\/uploads\/2025\/09\/img-96-1536x864.jpg",1536,864,true],"2048x2048":["https:\/\/elconquistadorredloslagos.cl\/test\/wp-content\/uploads\/2025\/09\/img-96.jpg",1920,1080,false]},"rttpg_author":{"display_name":"ccardenas","author_link":"https:\/\/elconquistadorredloslagos.cl\/test\/blog\/author\/ccardenas\/"},"rttpg_comment":0,"rttpg_category":"<a href=\"https:\/\/elconquistadorredloslagos.cl\/test\/blog\/category\/actual\/acontecer\/\" rel=\"category tag\">Acontecer<\/a> <a href=\"https:\/\/elconquistadorredloslagos.cl\/test\/blog\/category\/actual\/\" rel=\"category tag\">Actualidad<\/a> <a href=\"https:\/\/elconquistadorredloslagos.cl\/test\/blog\/category\/chile\/osorno\/\" rel=\"category tag\">Osorno<\/a>","rttpg_excerpt":"La Corte de Apelaciones de Valdivia confirm\u00f3 las medidas cautelares dictadas contra cuatro ex funcionarios del Hospital Base de Osorno imputados por el delito reiterado de tortura, il\u00edcitos cometidos entre..","_links":{"self":[{"href":"https:\/\/elconquistadorredloslagos.cl\/test\/wp-json\/wp\/v2\/posts\/14406","targetHints":{"allow":["GET"]}}],"collection":[{"href":"https:\/\/elconquistadorredloslagos.cl\/test\/wp-json\/wp\/v2\/posts"}],"about":[{"href":"https:\/\/elconquistadorredloslagos.cl\/test\/wp-json\/wp\/v2\/types\/post"}],"author":[{"embeddable":true,"href":"https:\/\/elconquistadorredloslagos.cl\/test\/wp-json\/wp\/v2\/users\/2"}],"replies":[{"embeddable":true,"href":"https:\/\/elconquistadorredloslagos.cl\/test\/wp-json\/wp\/v2\/comments?post=14406"}],"version-history":[{"count":1,"href":"https:\/\/elconquistadorredloslagos.cl\/test\/wp-json\/wp\/v2\/posts\/14406\/revisions"}],"predecessor-version":[{"id":14408,"href":"https:\/\/elconquistadorredloslagos.cl\/test\/wp-json\/wp\/v2\/posts\/14406\/revisions\/14408"}],"wp:featuredmedia":[{"embeddable":true,"href":"https:\/\/elconquistadorredloslagos.cl\/test\/wp-json\/wp\/v2\/media\/14407"}],"wp:attachment":[{"href":"https:\/\/elconquistadorredloslagos.cl\/test\/wp-json\/wp\/v2\/media?parent=14406"}],"wp:term":[{"taxonomy":"category","embeddable":true,"href":"https:\/\/elconquistadorredloslagos.cl\/test\/wp-json\/wp\/v2\/categories?post=14406"},{"taxonomy":"post_tag","embeddable":true,"href":"https:\/\/elconquistadorredloslagos.cl\/test\/wp-json\/wp\/v2\/tags?post=14406"}],"curies":[{"name":"wp","href":"https:\/\/api.w.org\/{rel}","templated":true}]}}