{"id":14399,"date":"2025-09-25T16:20:33","date_gmt":"2025-09-25T19:20:33","guid":{"rendered":"https:\/\/elconquistadorredloslagos.cl\/test\/?p=14399"},"modified":"2025-09-25T16:20:34","modified_gmt":"2025-09-25T19:20:34","slug":"servicio-de-salud-chiloe-marca-un-precedente-en-inclusion-laboral-en-la-provincia","status":"publish","type":"post","link":"https:\/\/elconquistadorredloslagos.cl\/test\/blog\/2025\/09\/25\/servicio-de-salud-chiloe-marca-un-precedente-en-inclusion-laboral-en-la-provincia\/","title":{"rendered":"Servicio de Salud Chilo\u00e9 marca un precedente en inclusi\u00f3n laboral en la provincia"},"content":{"rendered":"\n<p>El Servicio de Salud Chilo\u00e9 se convirti\u00f3 en la primera instituci\u00f3n p\u00fablica de la provincia en contar con gestores de inclusi\u00f3n laboral certificados, tras el reconocimiento de dos de sus profesionales por parte de Chile Valora, entidad encargada de acreditar competencias laborales en el pa\u00eds.<\/p>\n\n\n\n<p>La certificaci\u00f3n fue obtenida por Alejandro V\u00e9lez, psic\u00f3logo del Hospital de Quell\u00f3n, y Mar\u00eda Ignacia C\u00e1rcamo, terapeuta ocupacional del Hospital de Queilen. Esta \u00faltima subray\u00f3 que la inclusi\u00f3n significa no solo abrir puertas, sino tambi\u00e9n garantizar que las personas con discapacidad puedan sentirse parte de su comunidad y lugar de trabajo.<\/p>\n\n\n\n<p>Evelyn Guti\u00e9rrez, jefa del sub departamento de calidad de vida del servicio, explic\u00f3 que este proceso responde al cumplimiento de la Ley 21.015, que promueve la inclusi\u00f3n laboral, y la Ley 21.275, que obliga a las instituciones con m\u00e1s de 100 trabajadores a contar con un gestor de inclusi\u00f3n.<\/p>\n\n\n\n<figure class=\"wp-block-audio\"><audio controls src=\"https:\/\/elconquistadorredloslagos.cl\/test\/wp-content\/uploads\/2025\/09\/CUNA-EVELYN-GUTIERREZ.mp3\"><\/audio><\/figure>\n\n\n\n<p>El curso incluy\u00f3 tem\u00e1ticas como accesibilidad universal, ajustes razonables y gesti\u00f3n de la diversidad, entregando a los profesionales las herramientas necesarias para capacitar a sus pares y fomentar una cultura organizacional basada en la equidad y la no discriminaci\u00f3n.<\/p>\n","protected":false},"excerpt":{"rendered":"<p>El Servicio de Salud Chilo\u00e9 se convirti\u00f3 en la primera instituci\u00f3n p\u00fablica de la provincia en contar con gestores de inclusi\u00f3n laboral certificados, tras el reconocimiento de dos de sus..<\/p>\n","protected":false},"author":2,"featured_media":14401,"comment_status":"closed","ping_status":"open","sticky":false,"template":"","format":"standard","meta":{"footnotes":""},"categories":[1,28,51],"tags":[],"class_list":["post-14399","post","type-post","status-publish","format-standard","has-post-thumbnail","hentry","category-acontecer","category-actual","category-chiloe"],"rttpg_featured_image_url":{"full":["https:\/\/elconquistadorredloslagos.cl\/test\/wp-content\/uploads\/2025\/09\/img-94.jpg",1920,1080,false],"landscape":["https:\/\/elconquistadorredloslagos.cl\/test\/wp-content\/uploads\/2025\/09\/img-94.jpg",1920,1080,false],"portraits":["https:\/\/elconquistadorredloslagos.cl\/test\/wp-content\/uploads\/2025\/09\/img-94.jpg",1920,1080,false],"thumbnail":["https:\/\/elconquistadorredloslagos.cl\/test\/wp-content\/uploads\/2025\/09\/img-94-150x150.jpg",150,150,true],"medium":["https:\/\/elconquistadorredloslagos.cl\/test\/wp-content\/uploads\/2025\/09\/img-94-300x169.jpg",300,169,true],"large":["https:\/\/elconquistadorredloslagos.cl\/test\/wp-content\/uploads\/2025\/09\/img-94-1024x576.jpg",1024,576,true],"1536x1536":["https:\/\/elconquistadorredloslagos.cl\/test\/wp-content\/uploads\/2025\/09\/img-94-1536x864.jpg",1536,864,true],"2048x2048":["https:\/\/elconquistadorredloslagos.cl\/test\/wp-content\/uploads\/2025\/09\/img-94.jpg",1920,1080,false]},"rttpg_author":{"display_name":"ccardenas","author_link":"https:\/\/elconquistadorredloslagos.cl\/test\/blog\/author\/ccardenas\/"},"rttpg_comment":0,"rttpg_category":"<a href=\"https:\/\/elconquistadorredloslagos.cl\/test\/blog\/category\/actual\/acontecer\/\" rel=\"category tag\">Acontecer<\/a> <a href=\"https:\/\/elconquistadorredloslagos.cl\/test\/blog\/category\/actual\/\" rel=\"category tag\">Actualidad<\/a> <a href=\"https:\/\/elconquistadorredloslagos.cl\/test\/blog\/category\/chile\/chiloe\/\" rel=\"category tag\">Chilo\u00e9<\/a>","rttpg_excerpt":"El Servicio de Salud Chilo\u00e9 se convirti\u00f3 en la primera instituci\u00f3n p\u00fablica de la provincia en contar con gestores de inclusi\u00f3n laboral certificados, tras el reconocimiento de dos de sus..","_links":{"self":[{"href":"https:\/\/elconquistadorredloslagos.cl\/test\/wp-json\/wp\/v2\/posts\/14399","targetHints":{"allow":["GET"]}}],"collection":[{"href":"https:\/\/elconquistadorredloslagos.cl\/test\/wp-json\/wp\/v2\/posts"}],"about":[{"href":"https:\/\/elconquistadorredloslagos.cl\/test\/wp-json\/wp\/v2\/types\/post"}],"author":[{"embeddable":true,"href":"https:\/\/elconquistadorredloslagos.cl\/test\/wp-json\/wp\/v2\/users\/2"}],"replies":[{"embeddable":true,"href":"https:\/\/elconquistadorredloslagos.cl\/test\/wp-json\/wp\/v2\/comments?post=14399"}],"version-history":[{"count":1,"href":"https:\/\/elconquistadorredloslagos.cl\/test\/wp-json\/wp\/v2\/posts\/14399\/revisions"}],"predecessor-version":[{"id":14402,"href":"https:\/\/elconquistadorredloslagos.cl\/test\/wp-json\/wp\/v2\/posts\/14399\/revisions\/14402"}],"wp:featuredmedia":[{"embeddable":true,"href":"https:\/\/elconquistadorredloslagos.cl\/test\/wp-json\/wp\/v2\/media\/14401"}],"wp:attachment":[{"href":"https:\/\/elconquistadorredloslagos.cl\/test\/wp-json\/wp\/v2\/media?parent=14399"}],"wp:term":[{"taxonomy":"category","embeddable":true,"href":"https:\/\/elconquistadorredloslagos.cl\/test\/wp-json\/wp\/v2\/categories?post=14399"},{"taxonomy":"post_tag","embeddable":true,"href":"https:\/\/elconquistadorredloslagos.cl\/test\/wp-json\/wp\/v2\/tags?post=14399"}],"curies":[{"name":"wp","href":"https:\/\/api.w.org\/{rel}","templated":true}]}}