{"id":14395,"date":"2025-09-25T14:00:37","date_gmt":"2025-09-25T17:00:37","guid":{"rendered":"https:\/\/elconquistadorredloslagos.cl\/test\/?p=14395"},"modified":"2025-09-25T14:00:38","modified_gmt":"2025-09-25T17:00:38","slug":"roban-35-millones-en-instrumentos-durante-doble-ataque-a-orfeon-de-castro-en-visperas-de-su-aniversario","status":"publish","type":"post","link":"https:\/\/elconquistadorredloslagos.cl\/test\/blog\/2025\/09\/25\/roban-35-millones-en-instrumentos-durante-doble-ataque-a-orfeon-de-castro-en-visperas-de-su-aniversario\/","title":{"rendered":"Roban $35 millones en instrumentos durante doble ataque a Orfe\u00f3n de Castro en v\u00edsperas de su aniversario"},"content":{"rendered":"\n<p>Un millonario robo afect\u00f3 al Orfe\u00f3n Instrumental Bernardo Mora Garrido de Castro, agrupaci\u00f3n con m\u00e1s de seis d\u00e9cadas de historia en la comuna. En dos d\u00edas consecutivos, delincuentes sustrajeron 17 instrumentos, 12 boquillas y equipos de trabajo, en un bot\u00edn avaluado en cerca de 35 millones de pesos.<\/p>\n\n\n\n<p>El primer ataque ocurri\u00f3 el martes en la sede ubicada junto al Estadio Municipal Pedro Aguirre Cerda, donde los antisociales aprovecharon la falta de seguridad para ingresar y llevarse trompetas, clarinetes, saxofones, flautas y hasta equipos electr\u00f3nicos. Seg\u00fan el director Gerardo Vargas, entre lo robado hab\u00eda piezas \u00fanicas, como saxofones altos utilizados por la Fuerza A\u00e9rea de Chile en los a\u00f1os 80.<\/p>\n\n\n\n<p>Apenas horas despu\u00e9s, y pese a los intentos por reforzar el lugar, los delincuentes regresaron, repitiendo el modus operandi. La osad\u00eda sorprendi\u00f3 a los integrantes del orfe\u00f3n, quienes en medio de la frustraci\u00f3n aseguraron que no suspender\u00e1n la gala programada para el 17 de octubre en el Centro Cultural de Castro.<\/p>\n\n\n\n<p>Detalles del il\u00edcito que fueron entregados por la comandante Mar\u00eda Ang\u00e9lica Mateos, de la Segunda Comisar\u00eda de Castro.<\/p>\n\n\n\n<figure class=\"wp-block-audio\"><audio controls src=\"https:\/\/elconquistadorredloslagos.cl\/test\/wp-content\/uploads\/2025\/09\/CUNA-CARABINEROS-CASTRO-2.mp3\"><\/audio><\/figure>\n\n\n\n<p>Desde la agrupaci\u00f3n recalcaron que continuar\u00e1n adelante con su aniversario n\u00famero 60, pese al duro golpe sufrido.<\/p>\n\n\n\n<p>\ud83d\udcf7 Cedida<\/p>\n","protected":false},"excerpt":{"rendered":"<p>Un millonario robo afect\u00f3 al Orfe\u00f3n Instrumental Bernardo Mora Garrido de Castro, agrupaci\u00f3n con m\u00e1s de seis d\u00e9cadas de historia en la comuna. En dos d\u00edas consecutivos, delincuentes sustrajeron 17..<\/p>\n","protected":false},"author":2,"featured_media":14397,"comment_status":"closed","ping_status":"open","sticky":false,"template":"","format":"standard","meta":{"footnotes":""},"categories":[1,28,51],"tags":[],"class_list":["post-14395","post","type-post","status-publish","format-standard","has-post-thumbnail","hentry","category-acontecer","category-actual","category-chiloe"],"rttpg_featured_image_url":{"full":["https:\/\/elconquistadorredloslagos.cl\/test\/wp-content\/uploads\/2025\/09\/img-93.jpg",1920,1080,false],"landscape":["https:\/\/elconquistadorredloslagos.cl\/test\/wp-content\/uploads\/2025\/09\/img-93.jpg",1920,1080,false],"portraits":["https:\/\/elconquistadorredloslagos.cl\/test\/wp-content\/uploads\/2025\/09\/img-93.jpg",1920,1080,false],"thumbnail":["https:\/\/elconquistadorredloslagos.cl\/test\/wp-content\/uploads\/2025\/09\/img-93-150x150.jpg",150,150,true],"medium":["https:\/\/elconquistadorredloslagos.cl\/test\/wp-content\/uploads\/2025\/09\/img-93-300x169.jpg",300,169,true],"large":["https:\/\/elconquistadorredloslagos.cl\/test\/wp-content\/uploads\/2025\/09\/img-93-1024x576.jpg",1024,576,true],"1536x1536":["https:\/\/elconquistadorredloslagos.cl\/test\/wp-content\/uploads\/2025\/09\/img-93-1536x864.jpg",1536,864,true],"2048x2048":["https:\/\/elconquistadorredloslagos.cl\/test\/wp-content\/uploads\/2025\/09\/img-93.jpg",1920,1080,false]},"rttpg_author":{"display_name":"ccardenas","author_link":"https:\/\/elconquistadorredloslagos.cl\/test\/blog\/author\/ccardenas\/"},"rttpg_comment":0,"rttpg_category":"<a href=\"https:\/\/elconquistadorredloslagos.cl\/test\/blog\/category\/actual\/acontecer\/\" rel=\"category tag\">Acontecer<\/a> <a href=\"https:\/\/elconquistadorredloslagos.cl\/test\/blog\/category\/actual\/\" rel=\"category tag\">Actualidad<\/a> <a href=\"https:\/\/elconquistadorredloslagos.cl\/test\/blog\/category\/chile\/chiloe\/\" rel=\"category tag\">Chilo\u00e9<\/a>","rttpg_excerpt":"Un millonario robo afect\u00f3 al Orfe\u00f3n Instrumental Bernardo Mora Garrido de Castro, agrupaci\u00f3n con m\u00e1s de seis d\u00e9cadas de historia en la comuna. En dos d\u00edas consecutivos, delincuentes sustrajeron 17..","_links":{"self":[{"href":"https:\/\/elconquistadorredloslagos.cl\/test\/wp-json\/wp\/v2\/posts\/14395","targetHints":{"allow":["GET"]}}],"collection":[{"href":"https:\/\/elconquistadorredloslagos.cl\/test\/wp-json\/wp\/v2\/posts"}],"about":[{"href":"https:\/\/elconquistadorredloslagos.cl\/test\/wp-json\/wp\/v2\/types\/post"}],"author":[{"embeddable":true,"href":"https:\/\/elconquistadorredloslagos.cl\/test\/wp-json\/wp\/v2\/users\/2"}],"replies":[{"embeddable":true,"href":"https:\/\/elconquistadorredloslagos.cl\/test\/wp-json\/wp\/v2\/comments?post=14395"}],"version-history":[{"count":1,"href":"https:\/\/elconquistadorredloslagos.cl\/test\/wp-json\/wp\/v2\/posts\/14395\/revisions"}],"predecessor-version":[{"id":14398,"href":"https:\/\/elconquistadorredloslagos.cl\/test\/wp-json\/wp\/v2\/posts\/14395\/revisions\/14398"}],"wp:featuredmedia":[{"embeddable":true,"href":"https:\/\/elconquistadorredloslagos.cl\/test\/wp-json\/wp\/v2\/media\/14397"}],"wp:attachment":[{"href":"https:\/\/elconquistadorredloslagos.cl\/test\/wp-json\/wp\/v2\/media?parent=14395"}],"wp:term":[{"taxonomy":"category","embeddable":true,"href":"https:\/\/elconquistadorredloslagos.cl\/test\/wp-json\/wp\/v2\/categories?post=14395"},{"taxonomy":"post_tag","embeddable":true,"href":"https:\/\/elconquistadorredloslagos.cl\/test\/wp-json\/wp\/v2\/tags?post=14395"}],"curies":[{"name":"wp","href":"https:\/\/api.w.org\/{rel}","templated":true}]}}