{"id":14392,"date":"2025-09-25T13:52:45","date_gmt":"2025-09-25T16:52:45","guid":{"rendered":"https:\/\/elconquistadorredloslagos.cl\/test\/?p=14392"},"modified":"2025-09-25T13:52:45","modified_gmt":"2025-09-25T16:52:45","slug":"hallan-osamentas-humanas-en-los-muermos-y-pdi-inicia-investigacion","status":"publish","type":"post","link":"https:\/\/elconquistadorredloslagos.cl\/test\/blog\/2025\/09\/25\/hallan-osamentas-humanas-en-los-muermos-y-pdi-inicia-investigacion\/","title":{"rendered":"Hallan osamentas humanas en Los Muermos y PDI inicia investigaci\u00f3n"},"content":{"rendered":"\n<p>Trabajadores que realizaban excavaciones cerca del cementerio de R\u00edo Fr\u00edo, en Los Muermos, encontraron osamentas humanas, seg\u00fan confirmaron autoridades locales. El hallazgo se produjo durante la jornada del mi\u00e9rcoles y fue informado de inmediato a Carabineros del ret\u00e9n de la localidad.<\/p>\n\n\n\n<p>Al lugar se traslad\u00f3 el fiscal del Ministerio P\u00fablico, Patricio Llancam\u00e1n, quien instruy\u00f3 que la investigaci\u00f3n quedara a cargo de la Brigada de Homicidios de la Polic\u00eda de Investigaciones (PDI). Adem\u00e1s, orden\u00f3 que los restos fueran retirados por el Servicio M\u00e9dico Legal para realizar peritajes que permitan determinar su origen y data.<\/p>\n\n\n\n<p>Hasta el momento, no se descarta ninguna hip\u00f3tesis sobre la procedencia de las osamentas, mientras contin\u00faan las diligencias en el sector. El hecho ha generado preocupaci\u00f3n entre vecinos y autoridades, que siguen expectantes los resultados de las investigaciones.<\/p>\n\n\n\n<p>\ud83d\udcf7 Referencial<\/p>\n","protected":false},"excerpt":{"rendered":"<p>Trabajadores que realizaban excavaciones cerca del cementerio de R\u00edo Fr\u00edo, en Los Muermos, encontraron osamentas humanas, seg\u00fan confirmaron autoridades locales. El hallazgo se produjo durante la jornada del mi\u00e9rcoles y..<\/p>\n","protected":false},"author":2,"featured_media":14393,"comment_status":"closed","ping_status":"open","sticky":false,"template":"","format":"standard","meta":{"footnotes":""},"categories":[1,28,56],"tags":[],"class_list":["post-14392","post","type-post","status-publish","format-standard","has-post-thumbnail","hentry","category-acontecer","category-actual","category-puerto-montt"],"rttpg_featured_image_url":{"full":["https:\/\/elconquistadorredloslagos.cl\/test\/wp-content\/uploads\/2025\/09\/img-92.jpg",1920,1080,false],"landscape":["https:\/\/elconquistadorredloslagos.cl\/test\/wp-content\/uploads\/2025\/09\/img-92.jpg",1920,1080,false],"portraits":["https:\/\/elconquistadorredloslagos.cl\/test\/wp-content\/uploads\/2025\/09\/img-92.jpg",1920,1080,false],"thumbnail":["https:\/\/elconquistadorredloslagos.cl\/test\/wp-content\/uploads\/2025\/09\/img-92-150x150.jpg",150,150,true],"medium":["https:\/\/elconquistadorredloslagos.cl\/test\/wp-content\/uploads\/2025\/09\/img-92-300x169.jpg",300,169,true],"large":["https:\/\/elconquistadorredloslagos.cl\/test\/wp-content\/uploads\/2025\/09\/img-92-1024x576.jpg",1024,576,true],"1536x1536":["https:\/\/elconquistadorredloslagos.cl\/test\/wp-content\/uploads\/2025\/09\/img-92-1536x864.jpg",1536,864,true],"2048x2048":["https:\/\/elconquistadorredloslagos.cl\/test\/wp-content\/uploads\/2025\/09\/img-92.jpg",1920,1080,false]},"rttpg_author":{"display_name":"ccardenas","author_link":"https:\/\/elconquistadorredloslagos.cl\/test\/blog\/author\/ccardenas\/"},"rttpg_comment":0,"rttpg_category":"<a href=\"https:\/\/elconquistadorredloslagos.cl\/test\/blog\/category\/actual\/acontecer\/\" rel=\"category tag\">Acontecer<\/a> <a href=\"https:\/\/elconquistadorredloslagos.cl\/test\/blog\/category\/actual\/\" rel=\"category tag\">Actualidad<\/a> <a href=\"https:\/\/elconquistadorredloslagos.cl\/test\/blog\/category\/chile\/puerto-montt\/\" rel=\"category tag\">Puerto Montt<\/a>","rttpg_excerpt":"Trabajadores que realizaban excavaciones cerca del cementerio de R\u00edo Fr\u00edo, en Los Muermos, encontraron osamentas humanas, seg\u00fan confirmaron autoridades locales. El hallazgo se produjo durante la jornada del mi\u00e9rcoles y..","_links":{"self":[{"href":"https:\/\/elconquistadorredloslagos.cl\/test\/wp-json\/wp\/v2\/posts\/14392","targetHints":{"allow":["GET"]}}],"collection":[{"href":"https:\/\/elconquistadorredloslagos.cl\/test\/wp-json\/wp\/v2\/posts"}],"about":[{"href":"https:\/\/elconquistadorredloslagos.cl\/test\/wp-json\/wp\/v2\/types\/post"}],"author":[{"embeddable":true,"href":"https:\/\/elconquistadorredloslagos.cl\/test\/wp-json\/wp\/v2\/users\/2"}],"replies":[{"embeddable":true,"href":"https:\/\/elconquistadorredloslagos.cl\/test\/wp-json\/wp\/v2\/comments?post=14392"}],"version-history":[{"count":1,"href":"https:\/\/elconquistadorredloslagos.cl\/test\/wp-json\/wp\/v2\/posts\/14392\/revisions"}],"predecessor-version":[{"id":14394,"href":"https:\/\/elconquistadorredloslagos.cl\/test\/wp-json\/wp\/v2\/posts\/14392\/revisions\/14394"}],"wp:featuredmedia":[{"embeddable":true,"href":"https:\/\/elconquistadorredloslagos.cl\/test\/wp-json\/wp\/v2\/media\/14393"}],"wp:attachment":[{"href":"https:\/\/elconquistadorredloslagos.cl\/test\/wp-json\/wp\/v2\/media?parent=14392"}],"wp:term":[{"taxonomy":"category","embeddable":true,"href":"https:\/\/elconquistadorredloslagos.cl\/test\/wp-json\/wp\/v2\/categories?post=14392"},{"taxonomy":"post_tag","embeddable":true,"href":"https:\/\/elconquistadorredloslagos.cl\/test\/wp-json\/wp\/v2\/tags?post=14392"}],"curies":[{"name":"wp","href":"https:\/\/api.w.org\/{rel}","templated":true}]}}