{"id":14377,"date":"2025-09-25T11:45:17","date_gmt":"2025-09-25T14:45:17","guid":{"rendered":"https:\/\/elconquistadorredloslagos.cl\/test\/?p=14377"},"modified":"2025-09-25T11:45:18","modified_gmt":"2025-09-25T14:45:18","slug":"core-aprueba-financiamiento-para-diseno-del-nuevo-cuartel-de-la-segunda-compania-de-bomberos-de-ancud","status":"publish","type":"post","link":"https:\/\/elconquistadorredloslagos.cl\/test\/blog\/2025\/09\/25\/core-aprueba-financiamiento-para-diseno-del-nuevo-cuartel-de-la-segunda-compania-de-bomberos-de-ancud\/","title":{"rendered":"CORE aprueba financiamiento para dise\u00f1o del nuevo cuartel de la Segunda Compa\u00f1\u00eda de Bomberos de Ancud"},"content":{"rendered":"\n<p>El Consejo Regional de Los Lagos aprob\u00f3 el financiamiento del proyecto \u201cConstrucci\u00f3n Cuartel 2\u00aa Compa\u00f1\u00eda Bomberos Ancud\u201d en su etapa de dise\u00f1o, con una inversi\u00f3n de 103 millones 460 mil pesos, provenientes del Fondo Nacional de Desarrollo Regional (FNDR).<\/p>\n\n\n\n<p>La iniciativa, presentada por la Ilustre Municipalidad de Ancud, considera la edificaci\u00f3n de un inmueble de dos pisos y 709 metros cuadrados en la poblaci\u00f3n In\u00e9s de Baz\u00e1n, con el prop\u00f3sito de optimizar los tiempos de respuesta ante emergencias y responder a las demandas de una comunidad en constante crecimiento.<\/p>\n\n\n\n<p>Para la dirigencia vecinal del sector, este avance representa un paso clave en materia de seguridad y confianza. As\u00ed lo destac\u00f3 Oscar Andrade, presidente de la Unidad Vecinal N\u00b04 de In\u00e9s de Baz\u00e1n.<\/p>\n\n\n\n<figure class=\"wp-block-audio\"><audio controls src=\"https:\/\/elconquistadorredloslagos.cl\/test\/wp-content\/uploads\/2025\/09\/CUNA-OSCAR-ANDRADE.mp3\"><\/audio><\/figure>\n\n\n\n<p>Desde la instituci\u00f3n beneficiada, valoraron la decisi\u00f3n regional. Cristian Soto, en representaci\u00f3n de la Segunda Compa\u00f1\u00eda de Bomberos de Ancud, afirm\u00f3 que este cuartel permitir\u00e1 contar con mejores instalaciones y responder de manera m\u00e1s oportuna a las emergencias.<\/p>\n\n\n\n<figure class=\"wp-block-audio\"><audio controls src=\"https:\/\/elconquistadorredloslagos.cl\/test\/wp-content\/uploads\/2025\/09\/CUNA-CRISTIAN-SOTO.mp3\"><\/audio><\/figure>\n\n\n\n<p>Por su parte, la autoridad comunal subray\u00f3 la relevancia de la aprobaci\u00f3n. El alcalde de Ancud, Andr\u00e9s Ojeda, expres\u00f3 que este proyecto refleja el compromiso de seguir fortaleciendo a Bomberos.<\/p>\n\n\n\n<figure class=\"wp-block-audio\"><audio controls src=\"https:\/\/elconquistadorredloslagos.cl\/test\/wp-content\/uploads\/2025\/09\/CUNA-ALCALDE-ANCUD.mp3\"><\/audio><\/figure>\n\n\n\n<p>Con esta inversi\u00f3n, Ancud avanza en el fortalecimiento de la infraestructura de emergencia, reafirmando el rol esencial de Bomberos en la protecci\u00f3n de la comunidad.<\/p>\n\n\n\n<p>\ud83d\udcf7 <a href=\"https:\/\/www.facebook.com\/segunda.ancud.96?__cft__[0]=AZVp65VQbs1dSCRpO9IfJPXK1VtaAB2Kp16bdLdVqJnKJROZ7VBF7ufYoGeoryHupgXbF0SyR5DLrFkEcKVLDvOrSOCT4Q4mGSF3V7myB70LD4HgSSejzcxImlVXa_4bJq7_aZjH_U3KOudjjwX3IVOxL2ncJnoeu_WG_T2f761T4fSdAxvlVx47077v0_6v8TLE2hGbwu8OJo_xu0Euf3tNZSqCfZM50pfR0Fr6R9w8gQ&amp;__tn__=-UC%2CP-R\"><strong>Segunda Ancud<\/strong><\/a> &#8211; Facebook<\/p>\n","protected":false},"excerpt":{"rendered":"<p>El Consejo Regional de Los Lagos aprob\u00f3 el financiamiento del proyecto \u201cConstrucci\u00f3n Cuartel 2\u00aa Compa\u00f1\u00eda Bomberos Ancud\u201d en su etapa de dise\u00f1o, con una inversi\u00f3n de 103 millones 460 mil..<\/p>\n","protected":false},"author":2,"featured_media":14381,"comment_status":"closed","ping_status":"open","sticky":false,"template":"","format":"standard","meta":{"footnotes":""},"categories":[1,28,51],"tags":[],"class_list":["post-14377","post","type-post","status-publish","format-standard","has-post-thumbnail","hentry","category-acontecer","category-actual","category-chiloe"],"rttpg_featured_image_url":{"full":["https:\/\/elconquistadorredloslagos.cl\/test\/wp-content\/uploads\/2025\/09\/img-88.jpg",1920,1080,false],"landscape":["https:\/\/elconquistadorredloslagos.cl\/test\/wp-content\/uploads\/2025\/09\/img-88.jpg",1920,1080,false],"portraits":["https:\/\/elconquistadorredloslagos.cl\/test\/wp-content\/uploads\/2025\/09\/img-88.jpg",1920,1080,false],"thumbnail":["https:\/\/elconquistadorredloslagos.cl\/test\/wp-content\/uploads\/2025\/09\/img-88-150x150.jpg",150,150,true],"medium":["https:\/\/elconquistadorredloslagos.cl\/test\/wp-content\/uploads\/2025\/09\/img-88-300x169.jpg",300,169,true],"large":["https:\/\/elconquistadorredloslagos.cl\/test\/wp-content\/uploads\/2025\/09\/img-88-1024x576.jpg",1024,576,true],"1536x1536":["https:\/\/elconquistadorredloslagos.cl\/test\/wp-content\/uploads\/2025\/09\/img-88-1536x864.jpg",1536,864,true],"2048x2048":["https:\/\/elconquistadorredloslagos.cl\/test\/wp-content\/uploads\/2025\/09\/img-88.jpg",1920,1080,false]},"rttpg_author":{"display_name":"ccardenas","author_link":"https:\/\/elconquistadorredloslagos.cl\/test\/blog\/author\/ccardenas\/"},"rttpg_comment":0,"rttpg_category":"<a href=\"https:\/\/elconquistadorredloslagos.cl\/test\/blog\/category\/actual\/acontecer\/\" rel=\"category tag\">Acontecer<\/a> <a href=\"https:\/\/elconquistadorredloslagos.cl\/test\/blog\/category\/actual\/\" rel=\"category tag\">Actualidad<\/a> <a href=\"https:\/\/elconquistadorredloslagos.cl\/test\/blog\/category\/chile\/chiloe\/\" rel=\"category tag\">Chilo\u00e9<\/a>","rttpg_excerpt":"El Consejo Regional de Los Lagos aprob\u00f3 el financiamiento del proyecto \u201cConstrucci\u00f3n Cuartel 2\u00aa Compa\u00f1\u00eda Bomberos Ancud\u201d en su etapa de dise\u00f1o, con una inversi\u00f3n de 103 millones 460 mil..","_links":{"self":[{"href":"https:\/\/elconquistadorredloslagos.cl\/test\/wp-json\/wp\/v2\/posts\/14377","targetHints":{"allow":["GET"]}}],"collection":[{"href":"https:\/\/elconquistadorredloslagos.cl\/test\/wp-json\/wp\/v2\/posts"}],"about":[{"href":"https:\/\/elconquistadorredloslagos.cl\/test\/wp-json\/wp\/v2\/types\/post"}],"author":[{"embeddable":true,"href":"https:\/\/elconquistadorredloslagos.cl\/test\/wp-json\/wp\/v2\/users\/2"}],"replies":[{"embeddable":true,"href":"https:\/\/elconquistadorredloslagos.cl\/test\/wp-json\/wp\/v2\/comments?post=14377"}],"version-history":[{"count":1,"href":"https:\/\/elconquistadorredloslagos.cl\/test\/wp-json\/wp\/v2\/posts\/14377\/revisions"}],"predecessor-version":[{"id":14382,"href":"https:\/\/elconquistadorredloslagos.cl\/test\/wp-json\/wp\/v2\/posts\/14377\/revisions\/14382"}],"wp:featuredmedia":[{"embeddable":true,"href":"https:\/\/elconquistadorredloslagos.cl\/test\/wp-json\/wp\/v2\/media\/14381"}],"wp:attachment":[{"href":"https:\/\/elconquistadorredloslagos.cl\/test\/wp-json\/wp\/v2\/media?parent=14377"}],"wp:term":[{"taxonomy":"category","embeddable":true,"href":"https:\/\/elconquistadorredloslagos.cl\/test\/wp-json\/wp\/v2\/categories?post=14377"},{"taxonomy":"post_tag","embeddable":true,"href":"https:\/\/elconquistadorredloslagos.cl\/test\/wp-json\/wp\/v2\/tags?post=14377"}],"curies":[{"name":"wp","href":"https:\/\/api.w.org\/{rel}","templated":true}]}}