{"id":14373,"date":"2025-09-24T15:03:40","date_gmt":"2025-09-24T18:03:40","guid":{"rendered":"https:\/\/elconquistadorredloslagos.cl\/test\/?p=14373"},"modified":"2025-09-24T15:03:40","modified_gmt":"2025-09-24T18:03:40","slug":"ley-chao-cables-ya-esta-en-marcha-companias-de-telecomunicaciones-deberan-retirar-tendido-en-desuso","status":"publish","type":"post","link":"https:\/\/elconquistadorredloslagos.cl\/test\/blog\/2025\/09\/24\/ley-chao-cables-ya-esta-en-marcha-companias-de-telecomunicaciones-deberan-retirar-tendido-en-desuso\/","title":{"rendered":"Ley \u201cChao cables\u201d ya est\u00e1 en marcha: compa\u00f1\u00edas de telecomunicaciones deber\u00e1n retirar tendido en desuso"},"content":{"rendered":"\n<p>Seis a\u00f1os despu\u00e9s de su promulgaci\u00f3n, comenz\u00f3 a aplicarse la ley conocida como \u201cChao cables\u201d, que obliga a las compa\u00f1\u00edas de telecomunicaciones a retirar el tendido en desuso que se acumula en postes y calles del pa\u00eds. El reglamento que permite su ejecuci\u00f3n fue aprobado hace medio a\u00f1o por la Contralor\u00eda, lo que abri\u00f3 paso a la planificaci\u00f3n de operativos de limpieza.<\/p>\n\n\n\n<p>El subsecretario de Telecomunicaciones, Claudio Araya, explic\u00f3 que actualmente las empresas y los municipios est\u00e1n levantando informaci\u00f3n sobre las zonas m\u00e1s afectadas. Con esos datos, se elaborar\u00e1n planes anuales de retiro que empezar\u00e1n a ejecutarse entre fines de 2025 y principios de 2026, con el objetivo de despejar gradualmente el paisaje urbano.<\/p>\n\n\n\n<p>Desde la C\u00e1mara Chilena de Infraestructura Digital adelantaron que estas labores se realizar\u00e1n de forma conjunta entre operadores y gobiernos locales, lo que permitir\u00e1 ordenar y eliminar cables en desuso en los barrios.<\/p>\n\n\n\n<p>En tanto, la Asociaci\u00f3n Chilena de Municipalidades, presidida por el alcalde de Zapallar, Gustavo Alessandri, advirti\u00f3 que se necesitan fondos adicionales para fiscalizar. \u201cLa responsabilidad es de las empresas, pero la ley nos entrega un rol de supervisi\u00f3n que exige recursos que hoy no est\u00e1n contemplados\u201d, subray\u00f3.<\/p>\n\n\n\n<p><\/p>\n","protected":false},"excerpt":{"rendered":"<p>Seis a\u00f1os despu\u00e9s de su promulgaci\u00f3n, comenz\u00f3 a aplicarse la ley conocida como \u201cChao cables\u201d, que obliga a las compa\u00f1\u00edas de telecomunicaciones a retirar el tendido en desuso que se..<\/p>\n","protected":false},"author":2,"featured_media":14374,"comment_status":"closed","ping_status":"open","sticky":false,"template":"","format":"standard","meta":{"footnotes":""},"categories":[1,28,52,27],"tags":[],"class_list":["post-14373","post","type-post","status-publish","format-standard","has-post-thumbnail","hentry","category-acontecer","category-actual","category-chile","category-tecnologia"],"rttpg_featured_image_url":{"full":["https:\/\/elconquistadorredloslagos.cl\/test\/wp-content\/uploads\/2025\/09\/img-87.jpg",1920,1080,false],"landscape":["https:\/\/elconquistadorredloslagos.cl\/test\/wp-content\/uploads\/2025\/09\/img-87.jpg",1920,1080,false],"portraits":["https:\/\/elconquistadorredloslagos.cl\/test\/wp-content\/uploads\/2025\/09\/img-87.jpg",1920,1080,false],"thumbnail":["https:\/\/elconquistadorredloslagos.cl\/test\/wp-content\/uploads\/2025\/09\/img-87-150x150.jpg",150,150,true],"medium":["https:\/\/elconquistadorredloslagos.cl\/test\/wp-content\/uploads\/2025\/09\/img-87-300x169.jpg",300,169,true],"large":["https:\/\/elconquistadorredloslagos.cl\/test\/wp-content\/uploads\/2025\/09\/img-87-1024x576.jpg",1024,576,true],"1536x1536":["https:\/\/elconquistadorredloslagos.cl\/test\/wp-content\/uploads\/2025\/09\/img-87-1536x864.jpg",1536,864,true],"2048x2048":["https:\/\/elconquistadorredloslagos.cl\/test\/wp-content\/uploads\/2025\/09\/img-87.jpg",1920,1080,false]},"rttpg_author":{"display_name":"ccardenas","author_link":"https:\/\/elconquistadorredloslagos.cl\/test\/blog\/author\/ccardenas\/"},"rttpg_comment":0,"rttpg_category":"<a href=\"https:\/\/elconquistadorredloslagos.cl\/test\/blog\/category\/actual\/acontecer\/\" rel=\"category tag\">Acontecer<\/a> <a href=\"https:\/\/elconquistadorredloslagos.cl\/test\/blog\/category\/actual\/\" rel=\"category tag\">Actualidad<\/a> <a href=\"https:\/\/elconquistadorredloslagos.cl\/test\/blog\/category\/chile\/\" rel=\"category tag\">Nacional<\/a> <a href=\"https:\/\/elconquistadorredloslagos.cl\/test\/blog\/category\/actual\/tecnologia\/\" rel=\"category tag\">Tecnologias<\/a>","rttpg_excerpt":"Seis a\u00f1os despu\u00e9s de su promulgaci\u00f3n, comenz\u00f3 a aplicarse la ley conocida como \u201cChao cables\u201d, que obliga a las compa\u00f1\u00edas de telecomunicaciones a retirar el tendido en desuso que se..","_links":{"self":[{"href":"https:\/\/elconquistadorredloslagos.cl\/test\/wp-json\/wp\/v2\/posts\/14373","targetHints":{"allow":["GET"]}}],"collection":[{"href":"https:\/\/elconquistadorredloslagos.cl\/test\/wp-json\/wp\/v2\/posts"}],"about":[{"href":"https:\/\/elconquistadorredloslagos.cl\/test\/wp-json\/wp\/v2\/types\/post"}],"author":[{"embeddable":true,"href":"https:\/\/elconquistadorredloslagos.cl\/test\/wp-json\/wp\/v2\/users\/2"}],"replies":[{"embeddable":true,"href":"https:\/\/elconquistadorredloslagos.cl\/test\/wp-json\/wp\/v2\/comments?post=14373"}],"version-history":[{"count":1,"href":"https:\/\/elconquistadorredloslagos.cl\/test\/wp-json\/wp\/v2\/posts\/14373\/revisions"}],"predecessor-version":[{"id":14375,"href":"https:\/\/elconquistadorredloslagos.cl\/test\/wp-json\/wp\/v2\/posts\/14373\/revisions\/14375"}],"wp:featuredmedia":[{"embeddable":true,"href":"https:\/\/elconquistadorredloslagos.cl\/test\/wp-json\/wp\/v2\/media\/14374"}],"wp:attachment":[{"href":"https:\/\/elconquistadorredloslagos.cl\/test\/wp-json\/wp\/v2\/media?parent=14373"}],"wp:term":[{"taxonomy":"category","embeddable":true,"href":"https:\/\/elconquistadorredloslagos.cl\/test\/wp-json\/wp\/v2\/categories?post=14373"},{"taxonomy":"post_tag","embeddable":true,"href":"https:\/\/elconquistadorredloslagos.cl\/test\/wp-json\/wp\/v2\/tags?post=14373"}],"curies":[{"name":"wp","href":"https:\/\/api.w.org\/{rel}","templated":true}]}}