{"id":14368,"date":"2025-09-24T14:12:41","date_gmt":"2025-09-24T17:12:41","guid":{"rendered":"https:\/\/elconquistadorredloslagos.cl\/test\/?p=14368"},"modified":"2025-09-24T14:12:41","modified_gmt":"2025-09-24T17:12:41","slug":"parque-tantauco-con-cecilia-morel-y-magdalena-pinera-lideran-la-semana-de-la-biodiversidad-en-el-pabellon-de-chile-en-expo-osaka-2025","status":"publish","type":"post","link":"https:\/\/elconquistadorredloslagos.cl\/test\/blog\/2025\/09\/24\/parque-tantauco-con-cecilia-morel-y-magdalena-pinera-lideran-la-semana-de-la-biodiversidad-en-el-pabellon-de-chile-en-expo-osaka-2025\/","title":{"rendered":"Parque Tantauco con Cecilia Morel y Magdalena Pi\u00f1era lideran la Semana de la Biodiversidad en el Pabell\u00f3n de Chile en Expo Osaka 2025"},"content":{"rendered":"\n<p>Chile vuelve a situarse en el centro de la conversaci\u00f3n mundial sobre conservaci\u00f3n y biodiversidad. Este lunes, con la inauguraci\u00f3n de la Semana de la Biodiversidad en la Exposici\u00f3n Universal de Osaka 2025, nuestro pa\u00eds exhibe al mundo su exitoso modelo de protecci\u00f3n de ecosistemas estrat\u00e9gicos, basado en la colaboraci\u00f3n p\u00fablico-privada, y reafirma as\u00ed su liderazgo global en esta materia.<\/p>\n\n\n\n<p>El acto de apertura en el Pabell\u00f3n de Chile fue encabezado por Cecilia Morel y Magdalena Pi\u00f1era, en representaci\u00f3n de la Fundaci\u00f3n Parque Tantauco. La delegaci\u00f3n nacional la integran tambi\u00e9n representantes de cinco destacadas organizaciones de conservaci\u00f3n: Fundaci\u00f3n Rewilding Chile, Fundaci\u00f3n Parque La Tapera, Parque Pirinel de Fundaci\u00f3n Luksic, Fundaci\u00f3n Alerce 3000 y el Centro Internacional Cabo de Hornos.<\/p>\n\n\n\n<p>En su discurso inaugural, Magdalena Pi\u00f1era, directora ejecutiva de Fundaci\u00f3n Parque Tantauco, subray\u00f3: \u201ctenemos una oportunidad muy grande para demostrar que Chile es una potencia en la conservaci\u00f3n y el cuidado del medioambiente, y un ejemplo de c\u00f3mo el sector p\u00fablico y privado se unen para el cumplimiento de los Objetivos de Desarrollo sostenible 2030 de la ONU, porque el crecimiento econ\u00f3mico debe ser verde o estamos condenados a desaparecer\u201d.<\/p>\n\n\n\n<p>La Semana de la Biodiversidad se desarrolla en Jap\u00f3n hasta el 26 de septiembre. El programa incluye una ceremonia en el \u201cForest of Civilizations\u201d, espacio emblem\u00e1tico de la Expo que resguarda robles subf\u00f3siles de 6.500 a\u00f1os, donde Chile dejar\u00e1 un mensaje de compromiso con la biodiversidad planetaria. Asimismo, el mi\u00e9rcoles se celebrar\u00e1 la conferencia internacional \u201cPatagonia and Chile\u2019s Unique Ecosystems\u201d, en la que participar\u00e1 Magdalena contando al mundo el trabajo de m\u00e1s de dos d\u00e9cadas en Tantauco.<\/p>\n\n\n\n<p>Con este despliegue, Chile no solo presenta al mundo su extraordinaria biodiversidad, sino tambi\u00e9n su firme convicci\u00f3n de que la acci\u00f3n conjunta entre Estado, sector privado y sociedad civil es una v\u00eda para resguardar los ecosistemas que sostienen la vida en la Tierra.<\/p>\n\n\n\n<p>El Parque Tantauco, ubicado en el extremo sur de Chilo\u00e9 y con m\u00e1s de 115 mil hect\u00e1reas de extensi\u00f3n, fue especialmente aplaudido por el p\u00fablico asi\u00e1tico al conocerse tambi\u00e9n su labor en educaci\u00f3n ambiental, desarrollo comunitario y turismo sustentable.<\/p>\n\n\n\n<p>La Semana de la Biodiversidad en Expo Osaka 2025 se proyecta como un hito hist\u00f3rico para la diplomacia ambiental de Chile.<\/p>\n\n\n\n<figure class=\"wp-block-gallery has-nested-images columns-default is-cropped wp-block-gallery-1 is-layout-flex wp-block-gallery-is-layout-flex\">\n<figure class=\"wp-block-image size-large\"><img loading=\"lazy\" decoding=\"async\" width=\"1024\" height=\"768\" data-id=\"14370\" src=\"https:\/\/elconquistadorredloslagos.cl\/test\/wp-content\/uploads\/2025\/09\/WhatsApp-Image-2025-09-23-at-21.50.26-1024x768.jpeg\" alt=\"\" class=\"wp-image-14370\" \/><\/figure>\n\n\n\n<figure class=\"wp-block-image size-large\"><img loading=\"lazy\" decoding=\"async\" width=\"1024\" height=\"768\" data-id=\"14371\" src=\"https:\/\/elconquistadorredloslagos.cl\/test\/wp-content\/uploads\/2025\/09\/WhatsApp-Image-2025-09-23-at-21.50.14-1024x768.jpeg\" alt=\"\" class=\"wp-image-14371\" \/><\/figure>\n<\/figure>\n","protected":false},"excerpt":{"rendered":"<p>Chile vuelve a situarse en el centro de la conversaci\u00f3n mundial sobre conservaci\u00f3n y biodiversidad. Este lunes, con la inauguraci\u00f3n de la Semana de la Biodiversidad en la Exposici\u00f3n Universal..<\/p>\n","protected":false},"author":2,"featured_media":14369,"comment_status":"closed","ping_status":"open","sticky":false,"template":"","format":"standard","meta":{"footnotes":""},"categories":[1,28,51,53],"tags":[],"class_list":["post-14368","post","type-post","status-publish","format-standard","has-post-thumbnail","hentry","category-acontecer","category-actual","category-chiloe","category-mundo"],"rttpg_featured_image_url":{"full":["https:\/\/elconquistadorredloslagos.cl\/test\/wp-content\/uploads\/2025\/09\/img-86.jpg",1920,1080,false],"landscape":["https:\/\/elconquistadorredloslagos.cl\/test\/wp-content\/uploads\/2025\/09\/img-86.jpg",1920,1080,false],"portraits":["https:\/\/elconquistadorredloslagos.cl\/test\/wp-content\/uploads\/2025\/09\/img-86.jpg",1920,1080,false],"thumbnail":["https:\/\/elconquistadorredloslagos.cl\/test\/wp-content\/uploads\/2025\/09\/img-86-150x150.jpg",150,150,true],"medium":["https:\/\/elconquistadorredloslagos.cl\/test\/wp-content\/uploads\/2025\/09\/img-86-300x169.jpg",300,169,true],"large":["https:\/\/elconquistadorredloslagos.cl\/test\/wp-content\/uploads\/2025\/09\/img-86-1024x576.jpg",1024,576,true],"1536x1536":["https:\/\/elconquistadorredloslagos.cl\/test\/wp-content\/uploads\/2025\/09\/img-86-1536x864.jpg",1536,864,true],"2048x2048":["https:\/\/elconquistadorredloslagos.cl\/test\/wp-content\/uploads\/2025\/09\/img-86.jpg",1920,1080,false]},"rttpg_author":{"display_name":"ccardenas","author_link":"https:\/\/elconquistadorredloslagos.cl\/test\/blog\/author\/ccardenas\/"},"rttpg_comment":0,"rttpg_category":"<a href=\"https:\/\/elconquistadorredloslagos.cl\/test\/blog\/category\/actual\/acontecer\/\" rel=\"category tag\">Acontecer<\/a> <a href=\"https:\/\/elconquistadorredloslagos.cl\/test\/blog\/category\/actual\/\" rel=\"category tag\">Actualidad<\/a> <a href=\"https:\/\/elconquistadorredloslagos.cl\/test\/blog\/category\/chile\/chiloe\/\" rel=\"category tag\">Chilo\u00e9<\/a> <a href=\"https:\/\/elconquistadorredloslagos.cl\/test\/blog\/category\/mundo\/\" rel=\"category tag\">Internacional<\/a>","rttpg_excerpt":"Chile vuelve a situarse en el centro de la conversaci\u00f3n mundial sobre conservaci\u00f3n y biodiversidad. Este lunes, con la inauguraci\u00f3n de la Semana de la Biodiversidad en la Exposici\u00f3n Universal..","_links":{"self":[{"href":"https:\/\/elconquistadorredloslagos.cl\/test\/wp-json\/wp\/v2\/posts\/14368","targetHints":{"allow":["GET"]}}],"collection":[{"href":"https:\/\/elconquistadorredloslagos.cl\/test\/wp-json\/wp\/v2\/posts"}],"about":[{"href":"https:\/\/elconquistadorredloslagos.cl\/test\/wp-json\/wp\/v2\/types\/post"}],"author":[{"embeddable":true,"href":"https:\/\/elconquistadorredloslagos.cl\/test\/wp-json\/wp\/v2\/users\/2"}],"replies":[{"embeddable":true,"href":"https:\/\/elconquistadorredloslagos.cl\/test\/wp-json\/wp\/v2\/comments?post=14368"}],"version-history":[{"count":1,"href":"https:\/\/elconquistadorredloslagos.cl\/test\/wp-json\/wp\/v2\/posts\/14368\/revisions"}],"predecessor-version":[{"id":14372,"href":"https:\/\/elconquistadorredloslagos.cl\/test\/wp-json\/wp\/v2\/posts\/14368\/revisions\/14372"}],"wp:featuredmedia":[{"embeddable":true,"href":"https:\/\/elconquistadorredloslagos.cl\/test\/wp-json\/wp\/v2\/media\/14369"}],"wp:attachment":[{"href":"https:\/\/elconquistadorredloslagos.cl\/test\/wp-json\/wp\/v2\/media?parent=14368"}],"wp:term":[{"taxonomy":"category","embeddable":true,"href":"https:\/\/elconquistadorredloslagos.cl\/test\/wp-json\/wp\/v2\/categories?post=14368"},{"taxonomy":"post_tag","embeddable":true,"href":"https:\/\/elconquistadorredloslagos.cl\/test\/wp-json\/wp\/v2\/tags?post=14368"}],"curies":[{"name":"wp","href":"https:\/\/api.w.org\/{rel}","templated":true}]}}