{"id":14365,"date":"2025-09-24T14:01:18","date_gmt":"2025-09-24T17:01:18","guid":{"rendered":"https:\/\/elconquistadorredloslagos.cl\/test\/?p=14365"},"modified":"2025-09-24T14:01:18","modified_gmt":"2025-09-24T17:01:18","slug":"servicio-de-salud-chiloe-fortalece-atencion-con-capacitacion-especializada-de-pediatra-que-atendera-en-la-provincia","status":"publish","type":"post","link":"https:\/\/elconquistadorredloslagos.cl\/test\/blog\/2025\/09\/24\/servicio-de-salud-chiloe-fortalece-atencion-con-capacitacion-especializada-de-pediatra-que-atendera-en-la-provincia\/","title":{"rendered":"Servicio de Salud Chilo\u00e9 fortalece atenci\u00f3n con capacitaci\u00f3n especializada de pediatra que atender\u00e1 en la provincia"},"content":{"rendered":"\n<p>El Servicio de Salud Chilo\u00e9 refuerza su compromiso con la atenci\u00f3n pedi\u00e1trica local mediante la pasant\u00eda en Gastroenterolog\u00eda Infantil de la doctora Micaela Moreira, pediatra del Hospital de Ancud, en el Hospital Cl\u00ednico San Borja Arriar\u00e1n de Santiago. <\/p>\n\n\n\n<p>Entre septiembre y noviembre, la especialista participa en policl\u00ednicos, interconsultas y atenci\u00f3n de pacientes cr\u00edticos, fortaleciendo el v\u00ednculo cl\u00ednico entre la isla y su centro derivador. La iniciativa busca resolver casos en Chilo\u00e9 sin necesidad de traslado, derivando solo los complejos, reduciendo costos emocionales y econ\u00f3micos para las familias. \u201cLa idea es que no tengan que venir todos los pacientes. Podemos establecer una comunicaci\u00f3n directa entre el equipo de gastroenterolog\u00eda y yo para resolver casos en la isla o derivar solo los necesarios\u201d, coment\u00f3 la profesional. <\/p>\n\n\n\n<p>La directora del Servicio de Salud, Marcela C\u00e1rcamo, destac\u00f3 que la formaci\u00f3n de profesionales locales permite una atenci\u00f3n m\u00e1s eficiente y cercana. La doctora Sof\u00eda Aros, jefa del Servicio de Pediatr\u00eda del Hospital Cl\u00ednico San Borja Arriar\u00e1n, resalt\u00f3 la importancia de capacitar m\u00e9dicos regionales para garantizar la coordinaci\u00f3n y resoluci\u00f3n de casos complejos. <\/p>\n\n\n\n<p>Esta acci\u00f3n se enmarca en la estrategia del Servicio de Salud Chilo\u00e9 de fortalecer la red asistencial, desarrollando competencias m\u00e9dicas locales y reduciendo brechas en el acceso a atenci\u00f3n especializada.<\/p>\n","protected":false},"excerpt":{"rendered":"<p>El Servicio de Salud Chilo\u00e9 refuerza su compromiso con la atenci\u00f3n pedi\u00e1trica local mediante la pasant\u00eda en Gastroenterolog\u00eda Infantil de la doctora Micaela Moreira, pediatra del Hospital de Ancud, en..<\/p>\n","protected":false},"author":2,"featured_media":14366,"comment_status":"closed","ping_status":"open","sticky":false,"template":"","format":"standard","meta":{"footnotes":""},"categories":[1,28,51],"tags":[],"class_list":["post-14365","post","type-post","status-publish","format-standard","has-post-thumbnail","hentry","category-acontecer","category-actual","category-chiloe"],"rttpg_featured_image_url":{"full":["https:\/\/elconquistadorredloslagos.cl\/test\/wp-content\/uploads\/2025\/09\/img-85.jpg",1920,1080,false],"landscape":["https:\/\/elconquistadorredloslagos.cl\/test\/wp-content\/uploads\/2025\/09\/img-85.jpg",1920,1080,false],"portraits":["https:\/\/elconquistadorredloslagos.cl\/test\/wp-content\/uploads\/2025\/09\/img-85.jpg",1920,1080,false],"thumbnail":["https:\/\/elconquistadorredloslagos.cl\/test\/wp-content\/uploads\/2025\/09\/img-85-150x150.jpg",150,150,true],"medium":["https:\/\/elconquistadorredloslagos.cl\/test\/wp-content\/uploads\/2025\/09\/img-85-300x169.jpg",300,169,true],"large":["https:\/\/elconquistadorredloslagos.cl\/test\/wp-content\/uploads\/2025\/09\/img-85-1024x576.jpg",1024,576,true],"1536x1536":["https:\/\/elconquistadorredloslagos.cl\/test\/wp-content\/uploads\/2025\/09\/img-85-1536x864.jpg",1536,864,true],"2048x2048":["https:\/\/elconquistadorredloslagos.cl\/test\/wp-content\/uploads\/2025\/09\/img-85.jpg",1920,1080,false]},"rttpg_author":{"display_name":"ccardenas","author_link":"https:\/\/elconquistadorredloslagos.cl\/test\/blog\/author\/ccardenas\/"},"rttpg_comment":0,"rttpg_category":"<a href=\"https:\/\/elconquistadorredloslagos.cl\/test\/blog\/category\/actual\/acontecer\/\" rel=\"category tag\">Acontecer<\/a> <a href=\"https:\/\/elconquistadorredloslagos.cl\/test\/blog\/category\/actual\/\" rel=\"category tag\">Actualidad<\/a> <a href=\"https:\/\/elconquistadorredloslagos.cl\/test\/blog\/category\/chile\/chiloe\/\" rel=\"category tag\">Chilo\u00e9<\/a>","rttpg_excerpt":"El Servicio de Salud Chilo\u00e9 refuerza su compromiso con la atenci\u00f3n pedi\u00e1trica local mediante la pasant\u00eda en Gastroenterolog\u00eda Infantil de la doctora Micaela Moreira, pediatra del Hospital de Ancud, en..","_links":{"self":[{"href":"https:\/\/elconquistadorredloslagos.cl\/test\/wp-json\/wp\/v2\/posts\/14365","targetHints":{"allow":["GET"]}}],"collection":[{"href":"https:\/\/elconquistadorredloslagos.cl\/test\/wp-json\/wp\/v2\/posts"}],"about":[{"href":"https:\/\/elconquistadorredloslagos.cl\/test\/wp-json\/wp\/v2\/types\/post"}],"author":[{"embeddable":true,"href":"https:\/\/elconquistadorredloslagos.cl\/test\/wp-json\/wp\/v2\/users\/2"}],"replies":[{"embeddable":true,"href":"https:\/\/elconquistadorredloslagos.cl\/test\/wp-json\/wp\/v2\/comments?post=14365"}],"version-history":[{"count":1,"href":"https:\/\/elconquistadorredloslagos.cl\/test\/wp-json\/wp\/v2\/posts\/14365\/revisions"}],"predecessor-version":[{"id":14367,"href":"https:\/\/elconquistadorredloslagos.cl\/test\/wp-json\/wp\/v2\/posts\/14365\/revisions\/14367"}],"wp:featuredmedia":[{"embeddable":true,"href":"https:\/\/elconquistadorredloslagos.cl\/test\/wp-json\/wp\/v2\/media\/14366"}],"wp:attachment":[{"href":"https:\/\/elconquistadorredloslagos.cl\/test\/wp-json\/wp\/v2\/media?parent=14365"}],"wp:term":[{"taxonomy":"category","embeddable":true,"href":"https:\/\/elconquistadorredloslagos.cl\/test\/wp-json\/wp\/v2\/categories?post=14365"},{"taxonomy":"post_tag","embeddable":true,"href":"https:\/\/elconquistadorredloslagos.cl\/test\/wp-json\/wp\/v2\/tags?post=14365"}],"curies":[{"name":"wp","href":"https:\/\/api.w.org\/{rel}","templated":true}]}}