{"id":14358,"date":"2025-09-24T13:46:59","date_gmt":"2025-09-24T16:46:59","guid":{"rendered":"https:\/\/elconquistadorredloslagos.cl\/test\/?p=14358"},"modified":"2025-09-24T13:47:00","modified_gmt":"2025-09-24T16:47:00","slug":"hombre-enfrenta-30-anos-de-carcel-por-abuso-de-sus-nietas-en-los-lagos","status":"publish","type":"post","link":"https:\/\/elconquistadorredloslagos.cl\/test\/blog\/2025\/09\/24\/hombre-enfrenta-30-anos-de-carcel-por-abuso-de-sus-nietas-en-los-lagos\/","title":{"rendered":"Hombre enfrenta 30 a\u00f1os de c\u00e1rcel por abuso de sus nietas en Los Lagos"},"content":{"rendered":"\n<p>El Ministerio P\u00fablico solicit\u00f3 una pena de 30 a\u00f1os de prisi\u00f3n para un hombre de 65 a\u00f1os acusado de abusar y violar a tres de sus nietas entre 2016 y 2020 en las comunas de Fresia y Los Muermos, regi\u00f3n de Los Lagos.<\/p>\n\n\n\n<p>El Tribunal Oral en lo Penal de Puerto Montt dict\u00f3 un veredicto condenatorio tras acreditar los hechos imputados. La investigaci\u00f3n, liderada por la Fiscal\u00eda de Los Muermos con apoyo de Carabineros, la PDI y el Servicio M\u00e9dico Legal, comenz\u00f3 luego de la denuncia presentada por las v\u00edctimas.<\/p>\n\n\n\n<p>Durante el juicio, que se prolong\u00f3 por cuatro d\u00edas, declararon las ni\u00f1as, familiares y especialistas. Las pruebas recopiladas confirmaron que los delitos de connotaci\u00f3n sexual se cometieron cuando las v\u00edctimas eran menores de 14 a\u00f1os.<\/p>\n\n\n\n<p>El condenado permanecer\u00e1 en la c\u00e1rcel de Alto Bonito hasta que se conozca la sentencia, programada para el 2 de octubre, mientras el proceso judicial contin\u00faa asegurando la protecci\u00f3n de las v\u00edctimas y su entorno familiar.<\/p>\n\n\n\n<p>\ud83d\udcf7 Contexto<\/p>\n","protected":false},"excerpt":{"rendered":"<p>El Ministerio P\u00fablico solicit\u00f3 una pena de 30 a\u00f1os de prisi\u00f3n para un hombre de 65 a\u00f1os acusado de abusar y violar a tres de sus nietas entre 2016 y..<\/p>\n","protected":false},"author":2,"featured_media":14359,"comment_status":"closed","ping_status":"open","sticky":false,"template":"","format":"standard","meta":{"footnotes":""},"categories":[1,28,56],"tags":[],"class_list":["post-14358","post","type-post","status-publish","format-standard","has-post-thumbnail","hentry","category-acontecer","category-actual","category-puerto-montt"],"rttpg_featured_image_url":{"full":["https:\/\/elconquistadorredloslagos.cl\/test\/wp-content\/uploads\/2025\/09\/img-83.jpg",1920,1080,false],"landscape":["https:\/\/elconquistadorredloslagos.cl\/test\/wp-content\/uploads\/2025\/09\/img-83.jpg",1920,1080,false],"portraits":["https:\/\/elconquistadorredloslagos.cl\/test\/wp-content\/uploads\/2025\/09\/img-83.jpg",1920,1080,false],"thumbnail":["https:\/\/elconquistadorredloslagos.cl\/test\/wp-content\/uploads\/2025\/09\/img-83-150x150.jpg",150,150,true],"medium":["https:\/\/elconquistadorredloslagos.cl\/test\/wp-content\/uploads\/2025\/09\/img-83-300x169.jpg",300,169,true],"large":["https:\/\/elconquistadorredloslagos.cl\/test\/wp-content\/uploads\/2025\/09\/img-83-1024x576.jpg",1024,576,true],"1536x1536":["https:\/\/elconquistadorredloslagos.cl\/test\/wp-content\/uploads\/2025\/09\/img-83-1536x864.jpg",1536,864,true],"2048x2048":["https:\/\/elconquistadorredloslagos.cl\/test\/wp-content\/uploads\/2025\/09\/img-83.jpg",1920,1080,false]},"rttpg_author":{"display_name":"ccardenas","author_link":"https:\/\/elconquistadorredloslagos.cl\/test\/blog\/author\/ccardenas\/"},"rttpg_comment":0,"rttpg_category":"<a href=\"https:\/\/elconquistadorredloslagos.cl\/test\/blog\/category\/actual\/acontecer\/\" rel=\"category tag\">Acontecer<\/a> <a href=\"https:\/\/elconquistadorredloslagos.cl\/test\/blog\/category\/actual\/\" rel=\"category tag\">Actualidad<\/a> <a href=\"https:\/\/elconquistadorredloslagos.cl\/test\/blog\/category\/chile\/puerto-montt\/\" rel=\"category tag\">Puerto Montt<\/a>","rttpg_excerpt":"El Ministerio P\u00fablico solicit\u00f3 una pena de 30 a\u00f1os de prisi\u00f3n para un hombre de 65 a\u00f1os acusado de abusar y violar a tres de sus nietas entre 2016 y..","_links":{"self":[{"href":"https:\/\/elconquistadorredloslagos.cl\/test\/wp-json\/wp\/v2\/posts\/14358","targetHints":{"allow":["GET"]}}],"collection":[{"href":"https:\/\/elconquistadorredloslagos.cl\/test\/wp-json\/wp\/v2\/posts"}],"about":[{"href":"https:\/\/elconquistadorredloslagos.cl\/test\/wp-json\/wp\/v2\/types\/post"}],"author":[{"embeddable":true,"href":"https:\/\/elconquistadorredloslagos.cl\/test\/wp-json\/wp\/v2\/users\/2"}],"replies":[{"embeddable":true,"href":"https:\/\/elconquistadorredloslagos.cl\/test\/wp-json\/wp\/v2\/comments?post=14358"}],"version-history":[{"count":1,"href":"https:\/\/elconquistadorredloslagos.cl\/test\/wp-json\/wp\/v2\/posts\/14358\/revisions"}],"predecessor-version":[{"id":14360,"href":"https:\/\/elconquistadorredloslagos.cl\/test\/wp-json\/wp\/v2\/posts\/14358\/revisions\/14360"}],"wp:featuredmedia":[{"embeddable":true,"href":"https:\/\/elconquistadorredloslagos.cl\/test\/wp-json\/wp\/v2\/media\/14359"}],"wp:attachment":[{"href":"https:\/\/elconquistadorredloslagos.cl\/test\/wp-json\/wp\/v2\/media?parent=14358"}],"wp:term":[{"taxonomy":"category","embeddable":true,"href":"https:\/\/elconquistadorredloslagos.cl\/test\/wp-json\/wp\/v2\/categories?post=14358"},{"taxonomy":"post_tag","embeddable":true,"href":"https:\/\/elconquistadorredloslagos.cl\/test\/wp-json\/wp\/v2\/tags?post=14358"}],"curies":[{"name":"wp","href":"https:\/\/api.w.org\/{rel}","templated":true}]}}