{"id":14355,"date":"2025-09-24T13:42:03","date_gmt":"2025-09-24T16:42:03","guid":{"rendered":"https:\/\/elconquistadorredloslagos.cl\/test\/?p=14355"},"modified":"2025-09-24T13:42:04","modified_gmt":"2025-09-24T16:42:04","slug":"pichil-en-osorno-contara-con-nueva-planta-de-tratamiento-de-aguas-servidas","status":"publish","type":"post","link":"https:\/\/elconquistadorredloslagos.cl\/test\/blog\/2025\/09\/24\/pichil-en-osorno-contara-con-nueva-planta-de-tratamiento-de-aguas-servidas\/","title":{"rendered":"Pichil en Osorno contar\u00e1 con nueva planta de tratamiento de aguas servidas"},"content":{"rendered":"\n<p>El sector rural de Pichil, en Osorno, dar\u00e1 un paso decisivo para resolver problemas sanitarios hist\u00f3ricos con la construcci\u00f3n de una planta de tratamiento de aguas servidas, tras la aprobaci\u00f3n un\u00e1nime del proyecto por parte de la Comisi\u00f3n Osorno del Consejo Regional.<\/p>\n\n\n\n<p>La iniciativa contempla una inversi\u00f3n de 700 millones de pesos y ampliar\u00e1 la actual red de alcantarillado hasta 1.923 metros, con 84 conexiones domiciliarias, un sistema de biofiltro, planta elevadora y 104 soluciones individuales.<\/p>\n\n\n\n<p>Francisco Reyes, presidente de la Comisi\u00f3n Osorno, destac\u00f3 que el proyecto ha sido reformulado, reduciendo costos y asegurando la cobertura de un problema que afecta a la comunidad durante todo el a\u00f1o.<\/p>\n\n\n\n<p>En su primera etapa, la planta beneficiar\u00e1 a unas 100 personas, pero se proyecta que en los pr\u00f3ximos a\u00f1os m\u00e1s de mil familias podr\u00e1n acceder a un sistema de saneamiento adecuado. La licitaci\u00f3n comenzar\u00e1 tras la firma del convenio mandato y la autorizaci\u00f3n presupuestaria, y la ejecuci\u00f3n se estima en ocho meses, con inicio en el primer trimestre de 2026.<\/p>\n\n\n\n<p>\ud83d\udcf7 Referencial<\/p>\n","protected":false},"excerpt":{"rendered":"<p>El sector rural de Pichil, en Osorno, dar\u00e1 un paso decisivo para resolver problemas sanitarios hist\u00f3ricos con la construcci\u00f3n de una planta de tratamiento de aguas servidas, tras la aprobaci\u00f3n..<\/p>\n","protected":false},"author":2,"featured_media":14356,"comment_status":"closed","ping_status":"open","sticky":false,"template":"","format":"standard","meta":{"footnotes":""},"categories":[1,28,55],"tags":[],"class_list":["post-14355","post","type-post","status-publish","format-standard","has-post-thumbnail","hentry","category-acontecer","category-actual","category-osorno"],"rttpg_featured_image_url":{"full":["https:\/\/elconquistadorredloslagos.cl\/test\/wp-content\/uploads\/2025\/09\/img-82.jpg",1920,1080,false],"landscape":["https:\/\/elconquistadorredloslagos.cl\/test\/wp-content\/uploads\/2025\/09\/img-82.jpg",1920,1080,false],"portraits":["https:\/\/elconquistadorredloslagos.cl\/test\/wp-content\/uploads\/2025\/09\/img-82.jpg",1920,1080,false],"thumbnail":["https:\/\/elconquistadorredloslagos.cl\/test\/wp-content\/uploads\/2025\/09\/img-82-150x150.jpg",150,150,true],"medium":["https:\/\/elconquistadorredloslagos.cl\/test\/wp-content\/uploads\/2025\/09\/img-82-300x169.jpg",300,169,true],"large":["https:\/\/elconquistadorredloslagos.cl\/test\/wp-content\/uploads\/2025\/09\/img-82-1024x576.jpg",1024,576,true],"1536x1536":["https:\/\/elconquistadorredloslagos.cl\/test\/wp-content\/uploads\/2025\/09\/img-82-1536x864.jpg",1536,864,true],"2048x2048":["https:\/\/elconquistadorredloslagos.cl\/test\/wp-content\/uploads\/2025\/09\/img-82.jpg",1920,1080,false]},"rttpg_author":{"display_name":"ccardenas","author_link":"https:\/\/elconquistadorredloslagos.cl\/test\/blog\/author\/ccardenas\/"},"rttpg_comment":0,"rttpg_category":"<a href=\"https:\/\/elconquistadorredloslagos.cl\/test\/blog\/category\/actual\/acontecer\/\" rel=\"category tag\">Acontecer<\/a> <a href=\"https:\/\/elconquistadorredloslagos.cl\/test\/blog\/category\/actual\/\" rel=\"category tag\">Actualidad<\/a> <a href=\"https:\/\/elconquistadorredloslagos.cl\/test\/blog\/category\/chile\/osorno\/\" rel=\"category tag\">Osorno<\/a>","rttpg_excerpt":"El sector rural de Pichil, en Osorno, dar\u00e1 un paso decisivo para resolver problemas sanitarios hist\u00f3ricos con la construcci\u00f3n de una planta de tratamiento de aguas servidas, tras la aprobaci\u00f3n..","_links":{"self":[{"href":"https:\/\/elconquistadorredloslagos.cl\/test\/wp-json\/wp\/v2\/posts\/14355","targetHints":{"allow":["GET"]}}],"collection":[{"href":"https:\/\/elconquistadorredloslagos.cl\/test\/wp-json\/wp\/v2\/posts"}],"about":[{"href":"https:\/\/elconquistadorredloslagos.cl\/test\/wp-json\/wp\/v2\/types\/post"}],"author":[{"embeddable":true,"href":"https:\/\/elconquistadorredloslagos.cl\/test\/wp-json\/wp\/v2\/users\/2"}],"replies":[{"embeddable":true,"href":"https:\/\/elconquistadorredloslagos.cl\/test\/wp-json\/wp\/v2\/comments?post=14355"}],"version-history":[{"count":1,"href":"https:\/\/elconquistadorredloslagos.cl\/test\/wp-json\/wp\/v2\/posts\/14355\/revisions"}],"predecessor-version":[{"id":14357,"href":"https:\/\/elconquistadorredloslagos.cl\/test\/wp-json\/wp\/v2\/posts\/14355\/revisions\/14357"}],"wp:featuredmedia":[{"embeddable":true,"href":"https:\/\/elconquistadorredloslagos.cl\/test\/wp-json\/wp\/v2\/media\/14356"}],"wp:attachment":[{"href":"https:\/\/elconquistadorredloslagos.cl\/test\/wp-json\/wp\/v2\/media?parent=14355"}],"wp:term":[{"taxonomy":"category","embeddable":true,"href":"https:\/\/elconquistadorredloslagos.cl\/test\/wp-json\/wp\/v2\/categories?post=14355"},{"taxonomy":"post_tag","embeddable":true,"href":"https:\/\/elconquistadorredloslagos.cl\/test\/wp-json\/wp\/v2\/tags?post=14355"}],"curies":[{"name":"wp","href":"https:\/\/api.w.org\/{rel}","templated":true}]}}