{"id":14136,"date":"2025-09-15T15:19:17","date_gmt":"2025-09-15T18:19:17","guid":{"rendered":"https:\/\/elconquistadorredloslagos.cl\/test\/?p=14136"},"modified":"2025-09-15T15:19:18","modified_gmt":"2025-09-15T18:19:18","slug":"carabineros-llama-a-retiro-a-jefe-de-labocar-tras-robo-en-cuartel-de-santiago","status":"publish","type":"post","link":"https:\/\/elconquistadorredloslagos.cl\/test\/blog\/2025\/09\/15\/carabineros-llama-a-retiro-a-jefe-de-labocar-tras-robo-en-cuartel-de-santiago\/","title":{"rendered":"Carabineros llama a retiro a jefe de LABOCAR tras robo en cuartel de Santiago"},"content":{"rendered":"\n<p>Carabineros de Chile confirm\u00f3 este lunes el retiro del coronel Roberto Saravia Vel\u00e1squez, jefe del Laboratorio de Criminal\u00edstica (LABOCAR), luego del robo ocurrido durante el fin de semana en dependencias del cuartel ubicado en la intersecci\u00f3n de Santa Elena con Carlos Lorca, en Santiago.<\/p>\n\n\n\n<p>Seg\u00fan inform\u00f3 la instituci\u00f3n, los delincuentes accedieron al recinto a trav\u00e9s de un forado realizado desde un local colindante. Pese a la gravedad del hecho, hasta ahora se ha descartado la sustracci\u00f3n de objetos desde el interior del laboratorio.<\/p>\n\n\n\n<p>En un comunicado, Carabineros explic\u00f3 que la medida se adopta \u201cpor su responsabilidad de mando en los hechos\u201d y responde al compromiso de la instituci\u00f3n con la transparencia, la disciplina y la rendici\u00f3n de cuentas.<\/p>\n\n\n\n<p>\u201cEl llamado a retiro refleja nuestro apego a la responsabilidad y al estricto cumplimiento de la normativa interna\u201d, indic\u00f3 la polic\u00eda uniformada, agregando que se mantendr\u00e1 el trabajo con \u201cprofesionalismo y dedicaci\u00f3n en el cumplimiento de la misi\u00f3n constitucional, fortaleciendo la confianza y cercan\u00eda con la comunidad\u201d.<\/p>\n\n\n\n<p>Mientras contin\u00faan las diligencias investigativas, Carabineros busca reforzar sus protocolos de seguridad para evitar situaciones similares en el futuro.<\/p>\n","protected":false},"excerpt":{"rendered":"<p>Carabineros de Chile confirm\u00f3 este lunes el retiro del coronel Roberto Saravia Vel\u00e1squez, jefe del Laboratorio de Criminal\u00edstica (LABOCAR), luego del robo ocurrido durante el fin de semana en dependencias..<\/p>\n","protected":false},"author":2,"featured_media":14137,"comment_status":"closed","ping_status":"open","sticky":false,"template":"","format":"standard","meta":{"footnotes":""},"categories":[1,28,52],"tags":[],"class_list":["post-14136","post","type-post","status-publish","format-standard","has-post-thumbnail","hentry","category-acontecer","category-actual","category-chile"],"rttpg_featured_image_url":{"full":["https:\/\/elconquistadorredloslagos.cl\/test\/wp-content\/uploads\/2025\/09\/IMG-45.jpg",1920,1080,false],"landscape":["https:\/\/elconquistadorredloslagos.cl\/test\/wp-content\/uploads\/2025\/09\/IMG-45.jpg",1920,1080,false],"portraits":["https:\/\/elconquistadorredloslagos.cl\/test\/wp-content\/uploads\/2025\/09\/IMG-45.jpg",1920,1080,false],"thumbnail":["https:\/\/elconquistadorredloslagos.cl\/test\/wp-content\/uploads\/2025\/09\/IMG-45-150x150.jpg",150,150,true],"medium":["https:\/\/elconquistadorredloslagos.cl\/test\/wp-content\/uploads\/2025\/09\/IMG-45-300x169.jpg",300,169,true],"large":["https:\/\/elconquistadorredloslagos.cl\/test\/wp-content\/uploads\/2025\/09\/IMG-45-1024x576.jpg",1024,576,true],"1536x1536":["https:\/\/elconquistadorredloslagos.cl\/test\/wp-content\/uploads\/2025\/09\/IMG-45-1536x864.jpg",1536,864,true],"2048x2048":["https:\/\/elconquistadorredloslagos.cl\/test\/wp-content\/uploads\/2025\/09\/IMG-45.jpg",1920,1080,false]},"rttpg_author":{"display_name":"ccardenas","author_link":"https:\/\/elconquistadorredloslagos.cl\/test\/blog\/author\/ccardenas\/"},"rttpg_comment":0,"rttpg_category":"<a href=\"https:\/\/elconquistadorredloslagos.cl\/test\/blog\/category\/actual\/acontecer\/\" rel=\"category tag\">Acontecer<\/a> <a href=\"https:\/\/elconquistadorredloslagos.cl\/test\/blog\/category\/actual\/\" rel=\"category tag\">Actualidad<\/a> <a href=\"https:\/\/elconquistadorredloslagos.cl\/test\/blog\/category\/chile\/\" rel=\"category tag\">Nacional<\/a>","rttpg_excerpt":"Carabineros de Chile confirm\u00f3 este lunes el retiro del coronel Roberto Saravia Vel\u00e1squez, jefe del Laboratorio de Criminal\u00edstica (LABOCAR), luego del robo ocurrido durante el fin de semana en dependencias..","_links":{"self":[{"href":"https:\/\/elconquistadorredloslagos.cl\/test\/wp-json\/wp\/v2\/posts\/14136","targetHints":{"allow":["GET"]}}],"collection":[{"href":"https:\/\/elconquistadorredloslagos.cl\/test\/wp-json\/wp\/v2\/posts"}],"about":[{"href":"https:\/\/elconquistadorredloslagos.cl\/test\/wp-json\/wp\/v2\/types\/post"}],"author":[{"embeddable":true,"href":"https:\/\/elconquistadorredloslagos.cl\/test\/wp-json\/wp\/v2\/users\/2"}],"replies":[{"embeddable":true,"href":"https:\/\/elconquistadorredloslagos.cl\/test\/wp-json\/wp\/v2\/comments?post=14136"}],"version-history":[{"count":1,"href":"https:\/\/elconquistadorredloslagos.cl\/test\/wp-json\/wp\/v2\/posts\/14136\/revisions"}],"predecessor-version":[{"id":14138,"href":"https:\/\/elconquistadorredloslagos.cl\/test\/wp-json\/wp\/v2\/posts\/14136\/revisions\/14138"}],"wp:featuredmedia":[{"embeddable":true,"href":"https:\/\/elconquistadorredloslagos.cl\/test\/wp-json\/wp\/v2\/media\/14137"}],"wp:attachment":[{"href":"https:\/\/elconquistadorredloslagos.cl\/test\/wp-json\/wp\/v2\/media?parent=14136"}],"wp:term":[{"taxonomy":"category","embeddable":true,"href":"https:\/\/elconquistadorredloslagos.cl\/test\/wp-json\/wp\/v2\/categories?post=14136"},{"taxonomy":"post_tag","embeddable":true,"href":"https:\/\/elconquistadorredloslagos.cl\/test\/wp-json\/wp\/v2\/tags?post=14136"}],"curies":[{"name":"wp","href":"https:\/\/api.w.org\/{rel}","templated":true}]}}