{"id":14108,"date":"2025-09-12T16:49:49","date_gmt":"2025-09-12T19:49:49","guid":{"rendered":"https:\/\/elconquistadorredloslagos.cl\/test\/?p=14108"},"modified":"2025-09-12T16:49:50","modified_gmt":"2025-09-12T19:49:50","slug":"fiscalizaciones-buscan-reforzar-seguridad-y-cumplimiento-normativo-durante-fiestas-patrias","status":"publish","type":"post","link":"https:\/\/elconquistadorredloslagos.cl\/test\/blog\/2025\/09\/12\/fiscalizaciones-buscan-reforzar-seguridad-y-cumplimiento-normativo-durante-fiestas-patrias\/","title":{"rendered":"Fiscalizaciones buscan reforzar seguridad y cumplimiento normativo durante Fiestas Patrias"},"content":{"rendered":"\n<p>Con la llegada del largo fin de semana de Fiestas Patrias, distintos organismos p\u00fablicos han desplegado operativos de control y difusi\u00f3n para garantizar que la comunidad celebre con seguridad y dentro del marco legal.<\/p>\n\n\n\n<p>Por un lado, la Superintendencia de Electricidad y Combustibles (SEC) inici\u00f3 un plan especial de inspecciones en la Regi\u00f3n de Los Lagos. La medida contempla verificar que los artefactos el\u00e9ctricos y a gas, como parrillas utilizadas en estas fechas, cuenten con la certificaci\u00f3n correspondiente.<\/p>\n\n\n\n<p>Seg\u00fan explic\u00f3 el seremi (s) de Energ\u00eda, Ricardo Ebner, estos productos deben exhibir de manera visible el Sello SEC.<\/p>\n\n\n\n<figure class=\"wp-block-audio\"><audio controls src=\"https:\/\/elconquistadorredloslagos.cl\/test\/wp-content\/uploads\/2025\/09\/CUNA-RICARDO-EBNER.mp3\"><\/audio><\/figure>\n\n\n\n<p>En esta misma l\u00ednea, el director regional de la SEC, \u00c1lvaro Loma-Osorio, indic\u00f3 que se trata de un requisito que respalda la seguridad y correcto funcionamiento de los productos.<\/p>\n\n\n\n<figure class=\"wp-block-audio\"><audio controls src=\"https:\/\/elconquistadorredloslagos.cl\/test\/wp-content\/uploads\/2025\/09\/CUNA-SEC.mp3\"><\/audio><\/figure>\n\n\n\n<p>En paralelo, las autoridades recordaron que el 18 y 19 de septiembre son feriados obligatorios e irrenunciables para los trabajadores del comercio, de acuerdo con la Ley N\u00b0 19.973. Por ello, durante ambas jornadas, supermercados, grandes tiendas y locales de conveniencia en servicentros deber\u00e1n mantenerse cerrados, salvo excepciones muy acotadas. La normativa ser\u00e1 difundida y fiscalizada con el fin de resguardar los derechos laborales y evitar incumplimientos en estas fechas.<\/p>\n","protected":false},"excerpt":{"rendered":"<p>Con la llegada del largo fin de semana de Fiestas Patrias, distintos organismos p\u00fablicos han desplegado operativos de control y difusi\u00f3n para garantizar que la comunidad celebre con seguridad y..<\/p>\n","protected":false},"author":2,"featured_media":14111,"comment_status":"closed","ping_status":"open","sticky":false,"template":"","format":"standard","meta":{"footnotes":""},"categories":[1,28,51,54,55,56],"tags":[],"class_list":["post-14108","post","type-post","status-publish","format-standard","has-post-thumbnail","hentry","category-acontecer","category-actual","category-chiloe","category-lago-llanquihue","category-osorno","category-puerto-montt"],"rttpg_featured_image_url":{"full":["https:\/\/elconquistadorredloslagos.cl\/test\/wp-content\/uploads\/2025\/09\/img-39.jpg",1920,1080,false],"landscape":["https:\/\/elconquistadorredloslagos.cl\/test\/wp-content\/uploads\/2025\/09\/img-39.jpg",1920,1080,false],"portraits":["https:\/\/elconquistadorredloslagos.cl\/test\/wp-content\/uploads\/2025\/09\/img-39.jpg",1920,1080,false],"thumbnail":["https:\/\/elconquistadorredloslagos.cl\/test\/wp-content\/uploads\/2025\/09\/img-39-150x150.jpg",150,150,true],"medium":["https:\/\/elconquistadorredloslagos.cl\/test\/wp-content\/uploads\/2025\/09\/img-39-300x169.jpg",300,169,true],"large":["https:\/\/elconquistadorredloslagos.cl\/test\/wp-content\/uploads\/2025\/09\/img-39-1024x576.jpg",1024,576,true],"1536x1536":["https:\/\/elconquistadorredloslagos.cl\/test\/wp-content\/uploads\/2025\/09\/img-39-1536x864.jpg",1536,864,true],"2048x2048":["https:\/\/elconquistadorredloslagos.cl\/test\/wp-content\/uploads\/2025\/09\/img-39.jpg",1920,1080,false]},"rttpg_author":{"display_name":"ccardenas","author_link":"https:\/\/elconquistadorredloslagos.cl\/test\/blog\/author\/ccardenas\/"},"rttpg_comment":0,"rttpg_category":"<a href=\"https:\/\/elconquistadorredloslagos.cl\/test\/blog\/category\/actual\/acontecer\/\" rel=\"category tag\">Acontecer<\/a> <a href=\"https:\/\/elconquistadorredloslagos.cl\/test\/blog\/category\/actual\/\" rel=\"category tag\">Actualidad<\/a> <a href=\"https:\/\/elconquistadorredloslagos.cl\/test\/blog\/category\/chile\/chiloe\/\" rel=\"category tag\">Chilo\u00e9<\/a> <a href=\"https:\/\/elconquistadorredloslagos.cl\/test\/blog\/category\/chile\/lago-llanquihue\/\" rel=\"category tag\">Lago LLanquihue<\/a> <a href=\"https:\/\/elconquistadorredloslagos.cl\/test\/blog\/category\/chile\/osorno\/\" rel=\"category tag\">Osorno<\/a> <a href=\"https:\/\/elconquistadorredloslagos.cl\/test\/blog\/category\/chile\/puerto-montt\/\" rel=\"category tag\">Puerto Montt<\/a>","rttpg_excerpt":"Con la llegada del largo fin de semana de Fiestas Patrias, distintos organismos p\u00fablicos han desplegado operativos de control y difusi\u00f3n para garantizar que la comunidad celebre con seguridad y..","_links":{"self":[{"href":"https:\/\/elconquistadorredloslagos.cl\/test\/wp-json\/wp\/v2\/posts\/14108","targetHints":{"allow":["GET"]}}],"collection":[{"href":"https:\/\/elconquistadorredloslagos.cl\/test\/wp-json\/wp\/v2\/posts"}],"about":[{"href":"https:\/\/elconquistadorredloslagos.cl\/test\/wp-json\/wp\/v2\/types\/post"}],"author":[{"embeddable":true,"href":"https:\/\/elconquistadorredloslagos.cl\/test\/wp-json\/wp\/v2\/users\/2"}],"replies":[{"embeddable":true,"href":"https:\/\/elconquistadorredloslagos.cl\/test\/wp-json\/wp\/v2\/comments?post=14108"}],"version-history":[{"count":1,"href":"https:\/\/elconquistadorredloslagos.cl\/test\/wp-json\/wp\/v2\/posts\/14108\/revisions"}],"predecessor-version":[{"id":14112,"href":"https:\/\/elconquistadorredloslagos.cl\/test\/wp-json\/wp\/v2\/posts\/14108\/revisions\/14112"}],"wp:featuredmedia":[{"embeddable":true,"href":"https:\/\/elconquistadorredloslagos.cl\/test\/wp-json\/wp\/v2\/media\/14111"}],"wp:attachment":[{"href":"https:\/\/elconquistadorredloslagos.cl\/test\/wp-json\/wp\/v2\/media?parent=14108"}],"wp:term":[{"taxonomy":"category","embeddable":true,"href":"https:\/\/elconquistadorredloslagos.cl\/test\/wp-json\/wp\/v2\/categories?post=14108"},{"taxonomy":"post_tag","embeddable":true,"href":"https:\/\/elconquistadorredloslagos.cl\/test\/wp-json\/wp\/v2\/tags?post=14108"}],"curies":[{"name":"wp","href":"https:\/\/api.w.org\/{rel}","templated":true}]}}