{"id":14093,"date":"2025-09-12T15:55:15","date_gmt":"2025-09-12T18:55:15","guid":{"rendered":"https:\/\/elconquistadorredloslagos.cl\/test\/?p=14093"},"modified":"2025-09-12T15:55:16","modified_gmt":"2025-09-12T18:55:16","slug":"marchas-por-crisis-de-la-educacion-municipal-en-osorno-dejan-saldo-de-un-adolescente-detenido","status":"publish","type":"post","link":"https:\/\/elconquistadorredloslagos.cl\/test\/blog\/2025\/09\/12\/marchas-por-crisis-de-la-educacion-municipal-en-osorno-dejan-saldo-de-un-adolescente-detenido\/","title":{"rendered":"Marchas por crisis de la educaci\u00f3n municipal en Osorno dejan saldo de un adolescente detenido"},"content":{"rendered":"\n<p>Dos movilizaciones se desarrollaron la ma\u00f1ana de este viernes en Osorno, en rechazo al anuncio (posteriormente aclarado como err\u00f3neo) de cierre y fusi\u00f3n de establecimientos municipales, medida que qued\u00f3 descartada al menos hasta el a\u00f1o acad\u00e9mico 2027.<\/p>\n\n\n\n<p>Las manifestaciones recorrieron las principales calles de la ciudad y concluyeron en el paseo p\u00fablico central. Seg\u00fan inform\u00f3 Carabineros, una de ellas no contaba con autorizaci\u00f3n previa, aunque ambas se realizaron sin mayores inconvenientes hasta su t\u00e9rmino.<\/p>\n\n\n\n<p>El panorama cambi\u00f3 al finalizar la convocatoria, cuando se escucharon estruendos pirot\u00e9cnicos en el sector. En ese contexto, personal policial detuvo a un adolescente que portaba un arma blanca y, presuntamente, sustancias il\u00edcitas que quedaron bajo an\u00e1lisis. As\u00ed lo se\u00f1al\u00f3 el teniente coronel Carlos Reyes Logan, jefe de la Prefectura de Osorno.<\/p>\n\n\n\n<p>Desde las comunidades educativas que encabezaron la protesta, lamentaron los incidentes y aseguraron que fueron provocados por individuos externos, a quienes calificaron de \u201cv\u00e1ndalos\u201d ajenos a la leg\u00edtima demanda estudiantil. A pesar de lo ocurrido, los representantes insistieron en que la movilizaci\u00f3n busca resguardar la educaci\u00f3n p\u00fablica y rechazar cualquier intento de cierre de escuelas.<\/p>\n\n\n\n<p>\ud83d\udcf7 Redes sociales<\/p>\n","protected":false},"excerpt":{"rendered":"<p>Dos movilizaciones se desarrollaron la ma\u00f1ana de este viernes en Osorno, en rechazo al anuncio (posteriormente aclarado como err\u00f3neo) de cierre y fusi\u00f3n de establecimientos municipales, medida que qued\u00f3 descartada..<\/p>\n","protected":false},"author":2,"featured_media":14094,"comment_status":"closed","ping_status":"open","sticky":false,"template":"","format":"standard","meta":{"footnotes":""},"categories":[1,28,39,55],"tags":[],"class_list":["post-14093","post","type-post","status-publish","format-standard","has-post-thumbnail","hentry","category-acontecer","category-actual","category-educacion","category-osorno"],"rttpg_featured_image_url":{"full":["https:\/\/elconquistadorredloslagos.cl\/test\/wp-content\/uploads\/2025\/09\/img-35.jpg",1920,1080,false],"landscape":["https:\/\/elconquistadorredloslagos.cl\/test\/wp-content\/uploads\/2025\/09\/img-35.jpg",1920,1080,false],"portraits":["https:\/\/elconquistadorredloslagos.cl\/test\/wp-content\/uploads\/2025\/09\/img-35.jpg",1920,1080,false],"thumbnail":["https:\/\/elconquistadorredloslagos.cl\/test\/wp-content\/uploads\/2025\/09\/img-35-150x150.jpg",150,150,true],"medium":["https:\/\/elconquistadorredloslagos.cl\/test\/wp-content\/uploads\/2025\/09\/img-35-300x169.jpg",300,169,true],"large":["https:\/\/elconquistadorredloslagos.cl\/test\/wp-content\/uploads\/2025\/09\/img-35-1024x576.jpg",1024,576,true],"1536x1536":["https:\/\/elconquistadorredloslagos.cl\/test\/wp-content\/uploads\/2025\/09\/img-35-1536x864.jpg",1536,864,true],"2048x2048":["https:\/\/elconquistadorredloslagos.cl\/test\/wp-content\/uploads\/2025\/09\/img-35.jpg",1920,1080,false]},"rttpg_author":{"display_name":"ccardenas","author_link":"https:\/\/elconquistadorredloslagos.cl\/test\/blog\/author\/ccardenas\/"},"rttpg_comment":0,"rttpg_category":"<a href=\"https:\/\/elconquistadorredloslagos.cl\/test\/blog\/category\/actual\/acontecer\/\" rel=\"category tag\">Acontecer<\/a> <a href=\"https:\/\/elconquistadorredloslagos.cl\/test\/blog\/category\/actual\/\" rel=\"category tag\">Actualidad<\/a> <a href=\"https:\/\/elconquistadorredloslagos.cl\/test\/blog\/category\/actual\/educacion\/\" rel=\"category tag\">Educaci\u00f3n<\/a> <a href=\"https:\/\/elconquistadorredloslagos.cl\/test\/blog\/category\/chile\/osorno\/\" rel=\"category tag\">Osorno<\/a>","rttpg_excerpt":"Dos movilizaciones se desarrollaron la ma\u00f1ana de este viernes en Osorno, en rechazo al anuncio (posteriormente aclarado como err\u00f3neo) de cierre y fusi\u00f3n de establecimientos municipales, medida que qued\u00f3 descartada..","_links":{"self":[{"href":"https:\/\/elconquistadorredloslagos.cl\/test\/wp-json\/wp\/v2\/posts\/14093","targetHints":{"allow":["GET"]}}],"collection":[{"href":"https:\/\/elconquistadorredloslagos.cl\/test\/wp-json\/wp\/v2\/posts"}],"about":[{"href":"https:\/\/elconquistadorredloslagos.cl\/test\/wp-json\/wp\/v2\/types\/post"}],"author":[{"embeddable":true,"href":"https:\/\/elconquistadorredloslagos.cl\/test\/wp-json\/wp\/v2\/users\/2"}],"replies":[{"embeddable":true,"href":"https:\/\/elconquistadorredloslagos.cl\/test\/wp-json\/wp\/v2\/comments?post=14093"}],"version-history":[{"count":1,"href":"https:\/\/elconquistadorredloslagos.cl\/test\/wp-json\/wp\/v2\/posts\/14093\/revisions"}],"predecessor-version":[{"id":14095,"href":"https:\/\/elconquistadorredloslagos.cl\/test\/wp-json\/wp\/v2\/posts\/14093\/revisions\/14095"}],"wp:featuredmedia":[{"embeddable":true,"href":"https:\/\/elconquistadorredloslagos.cl\/test\/wp-json\/wp\/v2\/media\/14094"}],"wp:attachment":[{"href":"https:\/\/elconquistadorredloslagos.cl\/test\/wp-json\/wp\/v2\/media?parent=14093"}],"wp:term":[{"taxonomy":"category","embeddable":true,"href":"https:\/\/elconquistadorredloslagos.cl\/test\/wp-json\/wp\/v2\/categories?post=14093"},{"taxonomy":"post_tag","embeddable":true,"href":"https:\/\/elconquistadorredloslagos.cl\/test\/wp-json\/wp\/v2\/tags?post=14093"}],"curies":[{"name":"wp","href":"https:\/\/api.w.org\/{rel}","templated":true}]}}