{"id":14087,"date":"2025-09-12T15:35:54","date_gmt":"2025-09-12T18:35:54","guid":{"rendered":"https:\/\/elconquistadorredloslagos.cl\/test\/?p=14087"},"modified":"2025-09-12T15:35:55","modified_gmt":"2025-09-12T18:35:55","slug":"aviones-f-5-de-la-fach-realizan-sobrevuelos-en-distintas-regiones-durante-las-celebraciones-de-septiembre","status":"publish","type":"post","link":"https:\/\/elconquistadorredloslagos.cl\/test\/blog\/2025\/09\/12\/aviones-f-5-de-la-fach-realizan-sobrevuelos-en-distintas-regiones-durante-las-celebraciones-de-septiembre\/","title":{"rendered":"Aviones F-5 de la FACh realizan sobrevuelos en distintas regiones durante las celebraciones de septiembre"},"content":{"rendered":"\n<p>La Fuerza A\u00e9rea de Chile anunci\u00f3 una serie de sobrevuelos de aviones F-5 en varias comunas del pa\u00eds como parte de las actividades conmemorativas del mes de la Patria y en la antesala de la Gran Parada Militar 2025.<\/p>\n\n\n\n<p>La agenda comenz\u00f3 este reciente mi\u00e9rcoles, con la presencia de aeronaves sobre los cielos de Puerto Montt y Puerto Varas, cerca de las 18.00 horas, operaci\u00f3n a cargo de la Base A\u00e9rea Chabunco, en Punta Arenas. Desde la instituci\u00f3n invitaron a la ciudadan\u00eda a presenciar estos ejercicios, destacando que se trata de una oportunidad para conmemorar un nuevo aniversario nacional.<\/p>\n\n\n\n<p>En el norte, el lunes 15 de septiembre, las dotaciones de las Bases A\u00e9reas de Los C\u00f3ndores (Iquique) y Cerro Moreno (Antofagasta) sobrevolar\u00e1n La Serena a las 10.10 horas y Vallenar a las 10:45.<\/p>\n\n\n\n<p>La Regi\u00f3n Metropolitana tambi\u00e9n ser\u00e1 parte del despliegue. Este viernes se realiza una pr\u00e1ctica en el Parque O\u2019Higgins, en el marco de la revista preparatoria de la Parada Militar. Adem\u00e1s, el 15 y 16 de septiembre, desde las 10.00 horas, se prev\u00e9 la presencia de aviones en comunas como San Bernardo, El Bosque, Santiago, Quinta Normal, Lo Espejo, Pudahuel y La Pintana, entre otras.<\/p>\n\n\n\n<p>Con estas actividades, la FACh busca acercar sus operaciones a la ciudadan\u00eda y realzar las celebraciones patrias.<\/p>\n","protected":false},"excerpt":{"rendered":"<p>La Fuerza A\u00e9rea de Chile anunci\u00f3 una serie de sobrevuelos de aviones F-5 en varias comunas del pa\u00eds como parte de las actividades conmemorativas del mes de la Patria y..<\/p>\n","protected":false},"author":2,"featured_media":14088,"comment_status":"closed","ping_status":"open","sticky":false,"template":"","format":"standard","meta":{"footnotes":""},"categories":[1,28,52,56],"tags":[],"class_list":["post-14087","post","type-post","status-publish","format-standard","has-post-thumbnail","hentry","category-acontecer","category-actual","category-chile","category-puerto-montt"],"rttpg_featured_image_url":{"full":["https:\/\/elconquistadorredloslagos.cl\/test\/wp-content\/uploads\/2025\/09\/img-33.jpg",1920,1080,false],"landscape":["https:\/\/elconquistadorredloslagos.cl\/test\/wp-content\/uploads\/2025\/09\/img-33.jpg",1920,1080,false],"portraits":["https:\/\/elconquistadorredloslagos.cl\/test\/wp-content\/uploads\/2025\/09\/img-33.jpg",1920,1080,false],"thumbnail":["https:\/\/elconquistadorredloslagos.cl\/test\/wp-content\/uploads\/2025\/09\/img-33-150x150.jpg",150,150,true],"medium":["https:\/\/elconquistadorredloslagos.cl\/test\/wp-content\/uploads\/2025\/09\/img-33-300x169.jpg",300,169,true],"large":["https:\/\/elconquistadorredloslagos.cl\/test\/wp-content\/uploads\/2025\/09\/img-33-1024x576.jpg",1024,576,true],"1536x1536":["https:\/\/elconquistadorredloslagos.cl\/test\/wp-content\/uploads\/2025\/09\/img-33-1536x864.jpg",1536,864,true],"2048x2048":["https:\/\/elconquistadorredloslagos.cl\/test\/wp-content\/uploads\/2025\/09\/img-33.jpg",1920,1080,false]},"rttpg_author":{"display_name":"ccardenas","author_link":"https:\/\/elconquistadorredloslagos.cl\/test\/blog\/author\/ccardenas\/"},"rttpg_comment":0,"rttpg_category":"<a href=\"https:\/\/elconquistadorredloslagos.cl\/test\/blog\/category\/actual\/acontecer\/\" rel=\"category tag\">Acontecer<\/a> <a href=\"https:\/\/elconquistadorredloslagos.cl\/test\/blog\/category\/actual\/\" rel=\"category tag\">Actualidad<\/a> <a href=\"https:\/\/elconquistadorredloslagos.cl\/test\/blog\/category\/chile\/\" rel=\"category tag\">Nacional<\/a> <a href=\"https:\/\/elconquistadorredloslagos.cl\/test\/blog\/category\/chile\/puerto-montt\/\" rel=\"category tag\">Puerto Montt<\/a>","rttpg_excerpt":"La Fuerza A\u00e9rea de Chile anunci\u00f3 una serie de sobrevuelos de aviones F-5 en varias comunas del pa\u00eds como parte de las actividades conmemorativas del mes de la Patria y..","_links":{"self":[{"href":"https:\/\/elconquistadorredloslagos.cl\/test\/wp-json\/wp\/v2\/posts\/14087","targetHints":{"allow":["GET"]}}],"collection":[{"href":"https:\/\/elconquistadorredloslagos.cl\/test\/wp-json\/wp\/v2\/posts"}],"about":[{"href":"https:\/\/elconquistadorredloslagos.cl\/test\/wp-json\/wp\/v2\/types\/post"}],"author":[{"embeddable":true,"href":"https:\/\/elconquistadorredloslagos.cl\/test\/wp-json\/wp\/v2\/users\/2"}],"replies":[{"embeddable":true,"href":"https:\/\/elconquistadorredloslagos.cl\/test\/wp-json\/wp\/v2\/comments?post=14087"}],"version-history":[{"count":1,"href":"https:\/\/elconquistadorredloslagos.cl\/test\/wp-json\/wp\/v2\/posts\/14087\/revisions"}],"predecessor-version":[{"id":14089,"href":"https:\/\/elconquistadorredloslagos.cl\/test\/wp-json\/wp\/v2\/posts\/14087\/revisions\/14089"}],"wp:featuredmedia":[{"embeddable":true,"href":"https:\/\/elconquistadorredloslagos.cl\/test\/wp-json\/wp\/v2\/media\/14088"}],"wp:attachment":[{"href":"https:\/\/elconquistadorredloslagos.cl\/test\/wp-json\/wp\/v2\/media?parent=14087"}],"wp:term":[{"taxonomy":"category","embeddable":true,"href":"https:\/\/elconquistadorredloslagos.cl\/test\/wp-json\/wp\/v2\/categories?post=14087"},{"taxonomy":"post_tag","embeddable":true,"href":"https:\/\/elconquistadorredloslagos.cl\/test\/wp-json\/wp\/v2\/tags?post=14087"}],"curies":[{"name":"wp","href":"https:\/\/api.w.org\/{rel}","templated":true}]}}