{"id":14070,"date":"2025-09-11T17:27:47","date_gmt":"2025-09-11T20:27:47","guid":{"rendered":"https:\/\/elconquistadorredloslagos.cl\/test\/?p=14070"},"modified":"2025-09-11T17:27:48","modified_gmt":"2025-09-11T20:27:48","slug":"dalcahue-refuerza-la-seguridad-vial-con-operativos-preventivos-en-la-antesala-de-fiestas-patrias","status":"publish","type":"post","link":"https:\/\/elconquistadorredloslagos.cl\/test\/blog\/2025\/09\/11\/dalcahue-refuerza-la-seguridad-vial-con-operativos-preventivos-en-la-antesala-de-fiestas-patrias\/","title":{"rendered":"Dalcahue refuerza la seguridad vial con operativos preventivos en la antesala de Fiestas Patrias"},"content":{"rendered":"\n<p>En los d\u00edas previos a la celebraci\u00f3n de nuestras Fiestas Patrias, la municipalidad de Dalcahue, en coordinaci\u00f3n con Carabineros de la Tenencia local, el Ministerio de Transporte, el Servicio Agr\u00edcola y Ganadero (SAG) y las oficinas municipales de Seguridad P\u00fablica e Inspecci\u00f3n, desarrollaron importantes operativos de fiscalizaci\u00f3n en distintos puntos de la comuna.<\/p>\n\n\n\n<p>El primero se realiz\u00f3 en el borde costero, donde se efectuaron m\u00e1s de 40 controles vehiculares y 8 controles de identidad, resultando en dos infracciones de tr\u00e1nsito. Posteriormente, en la Ruta 5, se llevaron a cabo 85 controles vehiculares, 20 controles de identidad y 15 infracciones, adem\u00e1s de la detenci\u00f3n de un conductor profesional que no contaba con licencia. En este operativo particip\u00f3 tambi\u00e9n la unidad OS-7 de Carabineros con su can detector de drogas, reforzando la labor preventiva.<\/p>\n\n\n\n<p>Estas acciones buscan prevenir accidentes, infracciones y conductas de riesgo en un per\u00edodo donde la movilidad aumenta significativamente. As\u00ed lo se\u00f1al\u00f3 Rom\u00e1n Valencia, encargado de la oficina de Seguridad Municipal.<\/p>\n\n\n\n<figure class=\"wp-block-audio\"><audio controls src=\"https:\/\/elconquistadorredloslagos.cl\/test\/wp-content\/uploads\/2025\/09\/CUNA-ROMAN-VALENCIA.mp3\"><\/audio><\/figure>\n\n\n\n<p>La iniciativa fue bien recibida por la comunidad y responde al compromiso de la municipalidad de Dalcahue de trabajar junto a Carabineros y otros servicios p\u00fablicos para acercar la labor preventiva a los distintos sectores de la comuna. De esta manera, seguimos trabajando para que estas Fiestas Patrias sean un verdadero motivo de celebraci\u00f3n responsable para todas las familias.<\/p>\n","protected":false},"excerpt":{"rendered":"<p>En los d\u00edas previos a la celebraci\u00f3n de nuestras Fiestas Patrias, la municipalidad de Dalcahue, en coordinaci\u00f3n con Carabineros de la Tenencia local, el Ministerio de Transporte, el Servicio Agr\u00edcola..<\/p>\n","protected":false},"author":2,"featured_media":14072,"comment_status":"closed","ping_status":"open","sticky":false,"template":"","format":"standard","meta":{"footnotes":""},"categories":[1,28,51],"tags":[],"class_list":["post-14070","post","type-post","status-publish","format-standard","has-post-thumbnail","hentry","category-acontecer","category-actual","category-chiloe"],"rttpg_featured_image_url":{"full":["https:\/\/elconquistadorredloslagos.cl\/test\/wp-content\/uploads\/2025\/09\/img-31.jpg",1920,1080,false],"landscape":["https:\/\/elconquistadorredloslagos.cl\/test\/wp-content\/uploads\/2025\/09\/img-31.jpg",1920,1080,false],"portraits":["https:\/\/elconquistadorredloslagos.cl\/test\/wp-content\/uploads\/2025\/09\/img-31.jpg",1920,1080,false],"thumbnail":["https:\/\/elconquistadorredloslagos.cl\/test\/wp-content\/uploads\/2025\/09\/img-31-150x150.jpg",150,150,true],"medium":["https:\/\/elconquistadorredloslagos.cl\/test\/wp-content\/uploads\/2025\/09\/img-31-300x169.jpg",300,169,true],"large":["https:\/\/elconquistadorredloslagos.cl\/test\/wp-content\/uploads\/2025\/09\/img-31-1024x576.jpg",1024,576,true],"1536x1536":["https:\/\/elconquistadorredloslagos.cl\/test\/wp-content\/uploads\/2025\/09\/img-31-1536x864.jpg",1536,864,true],"2048x2048":["https:\/\/elconquistadorredloslagos.cl\/test\/wp-content\/uploads\/2025\/09\/img-31.jpg",1920,1080,false]},"rttpg_author":{"display_name":"ccardenas","author_link":"https:\/\/elconquistadorredloslagos.cl\/test\/blog\/author\/ccardenas\/"},"rttpg_comment":0,"rttpg_category":"<a href=\"https:\/\/elconquistadorredloslagos.cl\/test\/blog\/category\/actual\/acontecer\/\" rel=\"category tag\">Acontecer<\/a> <a href=\"https:\/\/elconquistadorredloslagos.cl\/test\/blog\/category\/actual\/\" rel=\"category tag\">Actualidad<\/a> <a href=\"https:\/\/elconquistadorredloslagos.cl\/test\/blog\/category\/chile\/chiloe\/\" rel=\"category tag\">Chilo\u00e9<\/a>","rttpg_excerpt":"En los d\u00edas previos a la celebraci\u00f3n de nuestras Fiestas Patrias, la municipalidad de Dalcahue, en coordinaci\u00f3n con Carabineros de la Tenencia local, el Ministerio de Transporte, el Servicio Agr\u00edcola..","_links":{"self":[{"href":"https:\/\/elconquistadorredloslagos.cl\/test\/wp-json\/wp\/v2\/posts\/14070","targetHints":{"allow":["GET"]}}],"collection":[{"href":"https:\/\/elconquistadorredloslagos.cl\/test\/wp-json\/wp\/v2\/posts"}],"about":[{"href":"https:\/\/elconquistadorredloslagos.cl\/test\/wp-json\/wp\/v2\/types\/post"}],"author":[{"embeddable":true,"href":"https:\/\/elconquistadorredloslagos.cl\/test\/wp-json\/wp\/v2\/users\/2"}],"replies":[{"embeddable":true,"href":"https:\/\/elconquistadorredloslagos.cl\/test\/wp-json\/wp\/v2\/comments?post=14070"}],"version-history":[{"count":1,"href":"https:\/\/elconquistadorredloslagos.cl\/test\/wp-json\/wp\/v2\/posts\/14070\/revisions"}],"predecessor-version":[{"id":14073,"href":"https:\/\/elconquistadorredloslagos.cl\/test\/wp-json\/wp\/v2\/posts\/14070\/revisions\/14073"}],"wp:featuredmedia":[{"embeddable":true,"href":"https:\/\/elconquistadorredloslagos.cl\/test\/wp-json\/wp\/v2\/media\/14072"}],"wp:attachment":[{"href":"https:\/\/elconquistadorredloslagos.cl\/test\/wp-json\/wp\/v2\/media?parent=14070"}],"wp:term":[{"taxonomy":"category","embeddable":true,"href":"https:\/\/elconquistadorredloslagos.cl\/test\/wp-json\/wp\/v2\/categories?post=14070"},{"taxonomy":"post_tag","embeddable":true,"href":"https:\/\/elconquistadorredloslagos.cl\/test\/wp-json\/wp\/v2\/tags?post=14070"}],"curies":[{"name":"wp","href":"https:\/\/api.w.org\/{rel}","templated":true}]}}