{"id":14064,"date":"2025-09-11T17:22:27","date_gmt":"2025-09-11T20:22:27","guid":{"rendered":"https:\/\/elconquistadorredloslagos.cl\/test\/?p=14064"},"modified":"2025-09-11T17:22:27","modified_gmt":"2025-09-11T20:22:27","slug":"comision-bicentenario-de-chiloe-avanza-en-planes-y-define-recursos-para-conmemoracion-del-2026","status":"publish","type":"post","link":"https:\/\/elconquistadorredloslagos.cl\/test\/blog\/2025\/09\/11\/comision-bicentenario-de-chiloe-avanza-en-planes-y-define-recursos-para-conmemoracion-del-2026\/","title":{"rendered":"Comisi\u00f3n Bicentenario de Chilo\u00e9 avanza en planes y define recursos para conmemoraci\u00f3n del 2026"},"content":{"rendered":"\n<p>La Comisi\u00f3n Bicentenario de Chilo\u00e9 sostuvo una nueva sesi\u00f3n de trabajo encabezada por el Delegado Presidencial Provincial, junto a la Delegada Regional, el Gobernador Regional, los seremis de Obras P\u00fablicas, Cultura y Econom\u00eda, adem\u00e1s de representantes de la Red de Cultura de Chilo\u00e9, la Asociaci\u00f3n de Municipios y consejeros regionales.<\/p>\n\n\n\n<p>El encuentro se consolid\u00f3 como un espacio de coordinaci\u00f3n interinstitucional para avanzar en la preparaci\u00f3n de la conmemoraci\u00f3n del Bicentenario de la Incorporaci\u00f3n de Chilo\u00e9 a Chile, prevista para enero de 2026, con \u00e9nfasis en fortalecer la identidad, el desarrollo y el futuro del archipi\u00e9lago.<\/p>\n\n\n\n<p>Durante la sesi\u00f3n se revisaron los avances en los planes de Econom\u00eda, Cultura y Obras P\u00fablicas, junto con la pr\u00f3xima incorporaci\u00f3n de iniciativas en Educaci\u00f3n, Agricultura y Salud, \u00e1mbitos considerados estrat\u00e9gicos para el desarrollo integral de la zona.<\/p>\n\n\n\n<p>Uno de los puntos centrales fue la confirmaci\u00f3n de la destinaci\u00f3n de $155 millones por parte del Ministerio de las Culturas, las Artes y el Patrimonio para financiar los actos de conmemoraci\u00f3n del pr\u00f3ximo enero, adem\u00e1s del inicio del plan de comunicaciones y la definici\u00f3n de los hitos y fechas clave en la ruta hacia el bicentenario.<\/p>\n\n\n\n<p>Algunos&nbsp; pormenores del encuentro que fueron entregados por el alcalde de Quinchao y presidente de la Asociaci\u00f3n de Municipalidades de Chilo\u00e9, Ren\u00e9 Garc\u00e9s.<\/p>\n\n\n\n<figure class=\"wp-block-audio\"><audio controls src=\"https:\/\/elconquistadorredloslagos.cl\/test\/wp-content\/uploads\/2025\/09\/CUNA-RENE-GARCES.mp3\"><\/audio><\/figure>\n\n\n\n<p>Por su parte la delegada de Los Lagos, Paulina Mu\u00f1oz, valor\u00f3 el compromiso de las instituciones y organizaciones locales.<\/p>\n\n\n\n<figure class=\"wp-block-audio\"><audio controls src=\"https:\/\/elconquistadorredloslagos.cl\/test\/wp-content\/uploads\/2025\/09\/CUNA-DELEGADA-LOS-LAGOS-2.mp3\"><\/audio><\/figure>\n\n\n\n<p>Finalmente se destac\u00f3 que la conmemoraci\u00f3n no solo ser\u00e1 un momento de memoria hist\u00f3rica, sino tambi\u00e9n una oportunidad para proyectar la identidad chilota a nivel nacional e internacional.<\/p>\n","protected":false},"excerpt":{"rendered":"<p>La Comisi\u00f3n Bicentenario de Chilo\u00e9 sostuvo una nueva sesi\u00f3n de trabajo encabezada por el Delegado Presidencial Provincial, junto a la Delegada Regional, el Gobernador Regional, los seremis de Obras P\u00fablicas,..<\/p>\n","protected":false},"author":2,"featured_media":14068,"comment_status":"closed","ping_status":"open","sticky":false,"template":"","format":"standard","meta":{"footnotes":""},"categories":[1,28,51],"tags":[],"class_list":["post-14064","post","type-post","status-publish","format-standard","has-post-thumbnail","hentry","category-acontecer","category-actual","category-chiloe"],"rttpg_featured_image_url":{"full":["https:\/\/elconquistadorredloslagos.cl\/test\/wp-content\/uploads\/2025\/09\/img-30.jpg",1920,1080,false],"landscape":["https:\/\/elconquistadorredloslagos.cl\/test\/wp-content\/uploads\/2025\/09\/img-30.jpg",1920,1080,false],"portraits":["https:\/\/elconquistadorredloslagos.cl\/test\/wp-content\/uploads\/2025\/09\/img-30.jpg",1920,1080,false],"thumbnail":["https:\/\/elconquistadorredloslagos.cl\/test\/wp-content\/uploads\/2025\/09\/img-30-150x150.jpg",150,150,true],"medium":["https:\/\/elconquistadorredloslagos.cl\/test\/wp-content\/uploads\/2025\/09\/img-30-300x169.jpg",300,169,true],"large":["https:\/\/elconquistadorredloslagos.cl\/test\/wp-content\/uploads\/2025\/09\/img-30-1024x576.jpg",1024,576,true],"1536x1536":["https:\/\/elconquistadorredloslagos.cl\/test\/wp-content\/uploads\/2025\/09\/img-30-1536x864.jpg",1536,864,true],"2048x2048":["https:\/\/elconquistadorredloslagos.cl\/test\/wp-content\/uploads\/2025\/09\/img-30.jpg",1920,1080,false]},"rttpg_author":{"display_name":"ccardenas","author_link":"https:\/\/elconquistadorredloslagos.cl\/test\/blog\/author\/ccardenas\/"},"rttpg_comment":0,"rttpg_category":"<a href=\"https:\/\/elconquistadorredloslagos.cl\/test\/blog\/category\/actual\/acontecer\/\" rel=\"category tag\">Acontecer<\/a> <a href=\"https:\/\/elconquistadorredloslagos.cl\/test\/blog\/category\/actual\/\" rel=\"category tag\">Actualidad<\/a> <a href=\"https:\/\/elconquistadorredloslagos.cl\/test\/blog\/category\/chile\/chiloe\/\" rel=\"category tag\">Chilo\u00e9<\/a>","rttpg_excerpt":"La Comisi\u00f3n Bicentenario de Chilo\u00e9 sostuvo una nueva sesi\u00f3n de trabajo encabezada por el Delegado Presidencial Provincial, junto a la Delegada Regional, el Gobernador Regional, los seremis de Obras P\u00fablicas,..","_links":{"self":[{"href":"https:\/\/elconquistadorredloslagos.cl\/test\/wp-json\/wp\/v2\/posts\/14064","targetHints":{"allow":["GET"]}}],"collection":[{"href":"https:\/\/elconquistadorredloslagos.cl\/test\/wp-json\/wp\/v2\/posts"}],"about":[{"href":"https:\/\/elconquistadorredloslagos.cl\/test\/wp-json\/wp\/v2\/types\/post"}],"author":[{"embeddable":true,"href":"https:\/\/elconquistadorredloslagos.cl\/test\/wp-json\/wp\/v2\/users\/2"}],"replies":[{"embeddable":true,"href":"https:\/\/elconquistadorredloslagos.cl\/test\/wp-json\/wp\/v2\/comments?post=14064"}],"version-history":[{"count":1,"href":"https:\/\/elconquistadorredloslagos.cl\/test\/wp-json\/wp\/v2\/posts\/14064\/revisions"}],"predecessor-version":[{"id":14069,"href":"https:\/\/elconquistadorredloslagos.cl\/test\/wp-json\/wp\/v2\/posts\/14064\/revisions\/14069"}],"wp:featuredmedia":[{"embeddable":true,"href":"https:\/\/elconquistadorredloslagos.cl\/test\/wp-json\/wp\/v2\/media\/14068"}],"wp:attachment":[{"href":"https:\/\/elconquistadorredloslagos.cl\/test\/wp-json\/wp\/v2\/media?parent=14064"}],"wp:term":[{"taxonomy":"category","embeddable":true,"href":"https:\/\/elconquistadorredloslagos.cl\/test\/wp-json\/wp\/v2\/categories?post=14064"},{"taxonomy":"post_tag","embeddable":true,"href":"https:\/\/elconquistadorredloslagos.cl\/test\/wp-json\/wp\/v2\/tags?post=14064"}],"curies":[{"name":"wp","href":"https:\/\/api.w.org\/{rel}","templated":true}]}}