{"id":14061,"date":"2025-09-11T17:19:01","date_gmt":"2025-09-11T20:19:01","guid":{"rendered":"https:\/\/elconquistadorredloslagos.cl\/test\/?p=14061"},"modified":"2025-09-11T17:19:01","modified_gmt":"2025-09-11T20:19:01","slug":"corte-de-apelaciones-ordena-mantener-en-prision-preventiva-a-imputado-por-robo-de-cables-en-puerto-montt","status":"publish","type":"post","link":"https:\/\/elconquistadorredloslagos.cl\/test\/blog\/2025\/09\/11\/corte-de-apelaciones-ordena-mantener-en-prision-preventiva-a-imputado-por-robo-de-cables-en-puerto-montt\/","title":{"rendered":"Corte de Apelaciones ordena mantener en prisi\u00f3n preventiva a imputado por robo de cables en Puerto Montt"},"content":{"rendered":"\n<p>La Corte de Apelaciones de Puerto Montt revoc\u00f3 la decisi\u00f3n del Juzgado de Garant\u00eda que hab\u00eda otorgado arresto domiciliario total a un imputado sindicado como l\u00edder de una red dedicada al robo y venta clandestina de cobre. El acusado fue detenido en julio pasado tras un operativo en el que se incautaron m\u00e1s de 9 mil kilos de cables, medidores y ca\u00f1er\u00edas sustra\u00eddas en distintos sectores de la ciudad.<\/p>\n\n\n\n<p>El tribunal de alzada acogi\u00f3 la apelaci\u00f3n presentada por la Unidad Penal Municipal (UPM), la \u00fanica parte querellante que recurri\u00f3 en contra de la libertad otorgada el pasado 4 de septiembre. En esa ocasi\u00f3n, adem\u00e1s del arresto domiciliario, el imputado hab\u00eda quedado con arraigo nacional y la opci\u00f3n de pagar una cauci\u00f3n de cinco millones de pesos, lo que concret\u00f3 a los pocos d\u00edas.<\/p>\n\n\n\n<p>Con la resoluci\u00f3n de la Corte, el hombre deber\u00e1 volver a cumplir prisi\u00f3n preventiva mientras avanza la investigaci\u00f3n en su contra por los delitos de receptaci\u00f3n agravada, mantenimiento de elementos para la comisi\u00f3n de il\u00edcitos y comercio clandestino.<\/p>\n\n\n\n<p>Desde la UPM valoraron el fallo, resaltando que se trata de delitos que afectan directamente al patrimonio municipal y a la seguridad de los vecinos, pues gran parte del material sustra\u00eddo corresponde a redes de alumbrado p\u00fablico.<\/p>\n\n\n\n<p>\ud83d\udcf7 Contexto<\/p>\n","protected":false},"excerpt":{"rendered":"<p>La Corte de Apelaciones de Puerto Montt revoc\u00f3 la decisi\u00f3n del Juzgado de Garant\u00eda que hab\u00eda otorgado arresto domiciliario total a un imputado sindicado como l\u00edder de una red dedicada..<\/p>\n","protected":false},"author":2,"featured_media":14062,"comment_status":"closed","ping_status":"open","sticky":false,"template":"","format":"standard","meta":{"footnotes":""},"categories":[1,28,56],"tags":[],"class_list":["post-14061","post","type-post","status-publish","format-standard","has-post-thumbnail","hentry","category-acontecer","category-actual","category-puerto-montt"],"rttpg_featured_image_url":{"full":["https:\/\/elconquistadorredloslagos.cl\/test\/wp-content\/uploads\/2025\/09\/img-29.jpg",1920,1080,false],"landscape":["https:\/\/elconquistadorredloslagos.cl\/test\/wp-content\/uploads\/2025\/09\/img-29.jpg",1920,1080,false],"portraits":["https:\/\/elconquistadorredloslagos.cl\/test\/wp-content\/uploads\/2025\/09\/img-29.jpg",1920,1080,false],"thumbnail":["https:\/\/elconquistadorredloslagos.cl\/test\/wp-content\/uploads\/2025\/09\/img-29-150x150.jpg",150,150,true],"medium":["https:\/\/elconquistadorredloslagos.cl\/test\/wp-content\/uploads\/2025\/09\/img-29-300x169.jpg",300,169,true],"large":["https:\/\/elconquistadorredloslagos.cl\/test\/wp-content\/uploads\/2025\/09\/img-29-1024x576.jpg",1024,576,true],"1536x1536":["https:\/\/elconquistadorredloslagos.cl\/test\/wp-content\/uploads\/2025\/09\/img-29-1536x864.jpg",1536,864,true],"2048x2048":["https:\/\/elconquistadorredloslagos.cl\/test\/wp-content\/uploads\/2025\/09\/img-29.jpg",1920,1080,false]},"rttpg_author":{"display_name":"ccardenas","author_link":"https:\/\/elconquistadorredloslagos.cl\/test\/blog\/author\/ccardenas\/"},"rttpg_comment":0,"rttpg_category":"<a href=\"https:\/\/elconquistadorredloslagos.cl\/test\/blog\/category\/actual\/acontecer\/\" rel=\"category tag\">Acontecer<\/a> <a href=\"https:\/\/elconquistadorredloslagos.cl\/test\/blog\/category\/actual\/\" rel=\"category tag\">Actualidad<\/a> <a href=\"https:\/\/elconquistadorredloslagos.cl\/test\/blog\/category\/chile\/puerto-montt\/\" rel=\"category tag\">Puerto Montt<\/a>","rttpg_excerpt":"La Corte de Apelaciones de Puerto Montt revoc\u00f3 la decisi\u00f3n del Juzgado de Garant\u00eda que hab\u00eda otorgado arresto domiciliario total a un imputado sindicado como l\u00edder de una red dedicada..","_links":{"self":[{"href":"https:\/\/elconquistadorredloslagos.cl\/test\/wp-json\/wp\/v2\/posts\/14061","targetHints":{"allow":["GET"]}}],"collection":[{"href":"https:\/\/elconquistadorredloslagos.cl\/test\/wp-json\/wp\/v2\/posts"}],"about":[{"href":"https:\/\/elconquistadorredloslagos.cl\/test\/wp-json\/wp\/v2\/types\/post"}],"author":[{"embeddable":true,"href":"https:\/\/elconquistadorredloslagos.cl\/test\/wp-json\/wp\/v2\/users\/2"}],"replies":[{"embeddable":true,"href":"https:\/\/elconquistadorredloslagos.cl\/test\/wp-json\/wp\/v2\/comments?post=14061"}],"version-history":[{"count":1,"href":"https:\/\/elconquistadorredloslagos.cl\/test\/wp-json\/wp\/v2\/posts\/14061\/revisions"}],"predecessor-version":[{"id":14063,"href":"https:\/\/elconquistadorredloslagos.cl\/test\/wp-json\/wp\/v2\/posts\/14061\/revisions\/14063"}],"wp:featuredmedia":[{"embeddable":true,"href":"https:\/\/elconquistadorredloslagos.cl\/test\/wp-json\/wp\/v2\/media\/14062"}],"wp:attachment":[{"href":"https:\/\/elconquistadorredloslagos.cl\/test\/wp-json\/wp\/v2\/media?parent=14061"}],"wp:term":[{"taxonomy":"category","embeddable":true,"href":"https:\/\/elconquistadorredloslagos.cl\/test\/wp-json\/wp\/v2\/categories?post=14061"},{"taxonomy":"post_tag","embeddable":true,"href":"https:\/\/elconquistadorredloslagos.cl\/test\/wp-json\/wp\/v2\/tags?post=14061"}],"curies":[{"name":"wp","href":"https:\/\/api.w.org\/{rel}","templated":true}]}}