{"id":14055,"date":"2025-09-11T17:13:34","date_gmt":"2025-09-11T20:13:34","guid":{"rendered":"https:\/\/elconquistadorredloslagos.cl\/test\/?p=14055"},"modified":"2025-09-11T17:13:35","modified_gmt":"2025-09-11T20:13:35","slug":"caravana-de-transportistas-llega-a-puerto-montt-en-demanda-de-conectividad-nacional","status":"publish","type":"post","link":"https:\/\/elconquistadorredloslagos.cl\/test\/blog\/2025\/09\/11\/caravana-de-transportistas-llega-a-puerto-montt-en-demanda-de-conectividad-nacional\/","title":{"rendered":"Caravana de transportistas llega a Puerto Montt en demanda de conectividad nacional"},"content":{"rendered":"\n<p>La caravana \u201cTraves\u00eda Chile por Chile\u201d, impulsada por la Uni\u00f3n de Transportistas de Magallanes (Utramag), arrib\u00f3 este jueves a Puerto Montt en su camino hacia Santiago. El grupo, que parti\u00f3 el 3 de septiembre desde Punta Arenas, busca entregar una carta al Presidente Gabriel Boric exigiendo avances concretos en conectividad para dejar de depender de pasos internacionales por Argentina.<\/p>\n\n\n\n<p>La delegaci\u00f3n fue recibida en el Hito Cero de la Carretera Austral por el gobernador regional Alejandro Santana, el alcalde subrogante Fernando Orellana y el diputado Mauro Gonz\u00e1lez. Santana respald\u00f3 la iniciativa y recalc\u00f3 la necesidad de una ruta soberana: \u201cLo que falta es voluntad pol\u00edtica para concretar los kil\u00f3metros que nos permitan unir completamente a Chile\u201d, se\u00f1al\u00f3.<\/p>\n\n\n\n<figure class=\"wp-block-audio\"><audio controls src=\"https:\/\/elconquistadorredloslagos.cl\/test\/wp-content\/uploads\/2025\/09\/CUNA-SANTANA-CHILE-X-CHILE.mp3\"><\/audio><\/figure>\n\n\n\n<p>La caravana, integrada por cuatro camiones y encabezada por Jaime C\u00e1rdenas, presidente de Utramag, denuncia que la dependencia de rutas argentinas genera un costo adicional de cerca de 200 mil pesos por viaje y una p\u00e9rdida anual estimada en 25 millones de d\u00f3lares.<\/p>\n\n\n\n<figure class=\"wp-block-audio\"><audio controls src=\"https:\/\/elconquistadorredloslagos.cl\/test\/wp-content\/uploads\/2025\/09\/CUNA-JAIME-CARDENAS.mp3\"><\/audio><\/figure>\n\n\n\n<p>El recorrido incluye paradas en Osorno, Temuco y Los \u00c1ngeles, antes de llegar a la capital, donde ya est\u00e1 agendada una reuni\u00f3n con la ministra de Obras P\u00fablicas, Jessica L\u00f3pez. La audiencia con el Presidente a\u00fan no est\u00e1 confirmada.<\/p>\n","protected":false},"excerpt":{"rendered":"<p>La caravana \u201cTraves\u00eda Chile por Chile\u201d, impulsada por la Uni\u00f3n de Transportistas de Magallanes (Utramag), arrib\u00f3 este jueves a Puerto Montt en su camino hacia Santiago. El grupo, que parti\u00f3..<\/p>\n","protected":false},"author":2,"featured_media":14059,"comment_status":"closed","ping_status":"open","sticky":false,"template":"","format":"standard","meta":{"footnotes":""},"categories":[1,28,56],"tags":[],"class_list":["post-14055","post","type-post","status-publish","format-standard","has-post-thumbnail","hentry","category-acontecer","category-actual","category-puerto-montt"],"rttpg_featured_image_url":{"full":["https:\/\/elconquistadorredloslagos.cl\/test\/wp-content\/uploads\/2025\/09\/img-28.jpg",1920,1080,false],"landscape":["https:\/\/elconquistadorredloslagos.cl\/test\/wp-content\/uploads\/2025\/09\/img-28.jpg",1920,1080,false],"portraits":["https:\/\/elconquistadorredloslagos.cl\/test\/wp-content\/uploads\/2025\/09\/img-28.jpg",1920,1080,false],"thumbnail":["https:\/\/elconquistadorredloslagos.cl\/test\/wp-content\/uploads\/2025\/09\/img-28-150x150.jpg",150,150,true],"medium":["https:\/\/elconquistadorredloslagos.cl\/test\/wp-content\/uploads\/2025\/09\/img-28-300x169.jpg",300,169,true],"large":["https:\/\/elconquistadorredloslagos.cl\/test\/wp-content\/uploads\/2025\/09\/img-28-1024x576.jpg",1024,576,true],"1536x1536":["https:\/\/elconquistadorredloslagos.cl\/test\/wp-content\/uploads\/2025\/09\/img-28-1536x864.jpg",1536,864,true],"2048x2048":["https:\/\/elconquistadorredloslagos.cl\/test\/wp-content\/uploads\/2025\/09\/img-28.jpg",1920,1080,false]},"rttpg_author":{"display_name":"ccardenas","author_link":"https:\/\/elconquistadorredloslagos.cl\/test\/blog\/author\/ccardenas\/"},"rttpg_comment":0,"rttpg_category":"<a href=\"https:\/\/elconquistadorredloslagos.cl\/test\/blog\/category\/actual\/acontecer\/\" rel=\"category tag\">Acontecer<\/a> <a href=\"https:\/\/elconquistadorredloslagos.cl\/test\/blog\/category\/actual\/\" rel=\"category tag\">Actualidad<\/a> <a href=\"https:\/\/elconquistadorredloslagos.cl\/test\/blog\/category\/chile\/puerto-montt\/\" rel=\"category tag\">Puerto Montt<\/a>","rttpg_excerpt":"La caravana \u201cTraves\u00eda Chile por Chile\u201d, impulsada por la Uni\u00f3n de Transportistas de Magallanes (Utramag), arrib\u00f3 este jueves a Puerto Montt en su camino hacia Santiago. El grupo, que parti\u00f3..","_links":{"self":[{"href":"https:\/\/elconquistadorredloslagos.cl\/test\/wp-json\/wp\/v2\/posts\/14055","targetHints":{"allow":["GET"]}}],"collection":[{"href":"https:\/\/elconquistadorredloslagos.cl\/test\/wp-json\/wp\/v2\/posts"}],"about":[{"href":"https:\/\/elconquistadorredloslagos.cl\/test\/wp-json\/wp\/v2\/types\/post"}],"author":[{"embeddable":true,"href":"https:\/\/elconquistadorredloslagos.cl\/test\/wp-json\/wp\/v2\/users\/2"}],"replies":[{"embeddable":true,"href":"https:\/\/elconquistadorredloslagos.cl\/test\/wp-json\/wp\/v2\/comments?post=14055"}],"version-history":[{"count":1,"href":"https:\/\/elconquistadorredloslagos.cl\/test\/wp-json\/wp\/v2\/posts\/14055\/revisions"}],"predecessor-version":[{"id":14060,"href":"https:\/\/elconquistadorredloslagos.cl\/test\/wp-json\/wp\/v2\/posts\/14055\/revisions\/14060"}],"wp:featuredmedia":[{"embeddable":true,"href":"https:\/\/elconquistadorredloslagos.cl\/test\/wp-json\/wp\/v2\/media\/14059"}],"wp:attachment":[{"href":"https:\/\/elconquistadorredloslagos.cl\/test\/wp-json\/wp\/v2\/media?parent=14055"}],"wp:term":[{"taxonomy":"category","embeddable":true,"href":"https:\/\/elconquistadorredloslagos.cl\/test\/wp-json\/wp\/v2\/categories?post=14055"},{"taxonomy":"post_tag","embeddable":true,"href":"https:\/\/elconquistadorredloslagos.cl\/test\/wp-json\/wp\/v2\/tags?post=14055"}],"curies":[{"name":"wp","href":"https:\/\/api.w.org\/{rel}","templated":true}]}}