{"id":14052,"date":"2025-09-11T16:58:46","date_gmt":"2025-09-11T19:58:46","guid":{"rendered":"https:\/\/elconquistadorredloslagos.cl\/test\/?p=14052"},"modified":"2025-09-11T16:58:47","modified_gmt":"2025-09-11T19:58:47","slug":"sujeto-es-detenido-por-abigeato-en-rio-negro","status":"publish","type":"post","link":"https:\/\/elconquistadorredloslagos.cl\/test\/blog\/2025\/09\/11\/sujeto-es-detenido-por-abigeato-en-rio-negro\/","title":{"rendered":"Sujeto es detenido por abigeato en R\u00edo Negro"},"content":{"rendered":"\n<p>Un hombre fue detenido en la comuna de R\u00edo Negro acusado del delito de abigeato, tras ser sorprendido con carne de origen desconocido y elementos utilizados para faenamiento. El operativo se desarroll\u00f3 la noche del mi\u00e9rcoles, luego de que Carabineros de la Secci\u00f3n de Investigaci\u00f3n Policial (SIP) de la Segunda Comisar\u00eda recibiera una denuncia por la sustracci\u00f3n y sacrificio de un vacuno.<\/p>\n\n\n\n<p>Durante las diligencias, personal policial encontr\u00f3 en una bodega e inmueble del imputado carne congelada sin rotular, adem\u00e1s de herramientas vinculadas al faenamiento. El hombre no pudo acreditar la procedencia de los productos.<\/p>\n\n\n\n<p>De acuerdo con los antecedentes, el detenido trabajaba como obrero ganadero en el predio de la propia v\u00edctima, quien adem\u00e1s era su empleador. El sujeto resid\u00eda en una vivienda facilitada por el due\u00f1o del terreno, lo que gener\u00f3 sorpresa entre los afectados por la doble condici\u00f3n de trabajador e involucrado en el delito.<\/p>\n\n\n\n<p>El imputado fue puesto a disposici\u00f3n de la justicia y este jueves enfrent\u00f3 el control de detenci\u00f3n en el Juzgado de Garant\u00eda de R\u00edo Negro. Las indagatorias contin\u00faan para esclarecer la magnitud de lo sustra\u00eddo y determinar si existen m\u00e1s personas involucradas.<\/p>\n","protected":false},"excerpt":{"rendered":"<p>Un hombre fue detenido en la comuna de R\u00edo Negro acusado del delito de abigeato, tras ser sorprendido con carne de origen desconocido y elementos utilizados para faenamiento. El operativo..<\/p>\n","protected":false},"author":2,"featured_media":14053,"comment_status":"closed","ping_status":"open","sticky":false,"template":"","format":"standard","meta":{"footnotes":""},"categories":[1,28,55],"tags":[],"class_list":["post-14052","post","type-post","status-publish","format-standard","has-post-thumbnail","hentry","category-acontecer","category-actual","category-osorno"],"rttpg_featured_image_url":{"full":["https:\/\/elconquistadorredloslagos.cl\/test\/wp-content\/uploads\/2025\/09\/img-27.jpg",1920,1080,false],"landscape":["https:\/\/elconquistadorredloslagos.cl\/test\/wp-content\/uploads\/2025\/09\/img-27.jpg",1920,1080,false],"portraits":["https:\/\/elconquistadorredloslagos.cl\/test\/wp-content\/uploads\/2025\/09\/img-27.jpg",1920,1080,false],"thumbnail":["https:\/\/elconquistadorredloslagos.cl\/test\/wp-content\/uploads\/2025\/09\/img-27-150x150.jpg",150,150,true],"medium":["https:\/\/elconquistadorredloslagos.cl\/test\/wp-content\/uploads\/2025\/09\/img-27-300x169.jpg",300,169,true],"large":["https:\/\/elconquistadorredloslagos.cl\/test\/wp-content\/uploads\/2025\/09\/img-27-1024x576.jpg",1024,576,true],"1536x1536":["https:\/\/elconquistadorredloslagos.cl\/test\/wp-content\/uploads\/2025\/09\/img-27-1536x864.jpg",1536,864,true],"2048x2048":["https:\/\/elconquistadorredloslagos.cl\/test\/wp-content\/uploads\/2025\/09\/img-27.jpg",1920,1080,false]},"rttpg_author":{"display_name":"ccardenas","author_link":"https:\/\/elconquistadorredloslagos.cl\/test\/blog\/author\/ccardenas\/"},"rttpg_comment":0,"rttpg_category":"<a href=\"https:\/\/elconquistadorredloslagos.cl\/test\/blog\/category\/actual\/acontecer\/\" rel=\"category tag\">Acontecer<\/a> <a href=\"https:\/\/elconquistadorredloslagos.cl\/test\/blog\/category\/actual\/\" rel=\"category tag\">Actualidad<\/a> <a href=\"https:\/\/elconquistadorredloslagos.cl\/test\/blog\/category\/chile\/osorno\/\" rel=\"category tag\">Osorno<\/a>","rttpg_excerpt":"Un hombre fue detenido en la comuna de R\u00edo Negro acusado del delito de abigeato, tras ser sorprendido con carne de origen desconocido y elementos utilizados para faenamiento. El operativo..","_links":{"self":[{"href":"https:\/\/elconquistadorredloslagos.cl\/test\/wp-json\/wp\/v2\/posts\/14052","targetHints":{"allow":["GET"]}}],"collection":[{"href":"https:\/\/elconquistadorredloslagos.cl\/test\/wp-json\/wp\/v2\/posts"}],"about":[{"href":"https:\/\/elconquistadorredloslagos.cl\/test\/wp-json\/wp\/v2\/types\/post"}],"author":[{"embeddable":true,"href":"https:\/\/elconquistadorredloslagos.cl\/test\/wp-json\/wp\/v2\/users\/2"}],"replies":[{"embeddable":true,"href":"https:\/\/elconquistadorredloslagos.cl\/test\/wp-json\/wp\/v2\/comments?post=14052"}],"version-history":[{"count":1,"href":"https:\/\/elconquistadorredloslagos.cl\/test\/wp-json\/wp\/v2\/posts\/14052\/revisions"}],"predecessor-version":[{"id":14054,"href":"https:\/\/elconquistadorredloslagos.cl\/test\/wp-json\/wp\/v2\/posts\/14052\/revisions\/14054"}],"wp:featuredmedia":[{"embeddable":true,"href":"https:\/\/elconquistadorredloslagos.cl\/test\/wp-json\/wp\/v2\/media\/14053"}],"wp:attachment":[{"href":"https:\/\/elconquistadorredloslagos.cl\/test\/wp-json\/wp\/v2\/media?parent=14052"}],"wp:term":[{"taxonomy":"category","embeddable":true,"href":"https:\/\/elconquistadorredloslagos.cl\/test\/wp-json\/wp\/v2\/categories?post=14052"},{"taxonomy":"post_tag","embeddable":true,"href":"https:\/\/elconquistadorredloslagos.cl\/test\/wp-json\/wp\/v2\/tags?post=14052"}],"curies":[{"name":"wp","href":"https:\/\/api.w.org\/{rel}","templated":true}]}}