{"id":14049,"date":"2025-09-11T16:50:01","date_gmt":"2025-09-11T19:50:01","guid":{"rendered":"https:\/\/elconquistadorredloslagos.cl\/test\/?p=14049"},"modified":"2025-09-11T16:50:02","modified_gmt":"2025-09-11T19:50:02","slug":"hombre-permanece-grave-tras-ataque-con-machete-en-osorno","status":"publish","type":"post","link":"https:\/\/elconquistadorredloslagos.cl\/test\/blog\/2025\/09\/11\/hombre-permanece-grave-tras-ataque-con-machete-en-osorno\/","title":{"rendered":"Hombre permanece grave tras ataque con machete en Osorno"},"content":{"rendered":"\n<p>Un hombre de cerca de 40 a\u00f1os result\u00f3 con graves lesiones luego de ser agredido con un machete en el sector de Rahue Alto, en Osorno. El hecho se registr\u00f3 en la Villa Portal Osorno y deriv\u00f3 en la r\u00e1pida atenci\u00f3n de equipos de emergencia que trasladaron a la v\u00edctima hasta el Hospital Base San Jos\u00e9.<\/p>\n\n\n\n<p>De acuerdo a los antecedentes entregados por Carabineros, la agresi\u00f3n se produjo en el marco de una ri\u00f1a, donde el afectado sufri\u00f3 un corte profundo en una de sus extremidades inferiores. Pese a la gravedad de las lesiones, se inform\u00f3 que el paciente se encuentra fuera de riesgo vital.<\/p>\n\n\n\n<p>El ataque motiv\u00f3 la detenci\u00f3n de una persona, cuyo caso qued\u00f3 bajo investigaci\u00f3n de la Tercera Comisar\u00eda de Carabineros, instancia que busca establecer la din\u00e1mica de los hechos y determinar las eventuales responsabilidades.<\/p>\n\n\n\n<p>La violenta situaci\u00f3n gener\u00f3 preocupaci\u00f3n entre vecinos del sector, quienes se\u00f1alaron que no es la primera vez que se producen ri\u00f1as en el lugar, por lo que solicitaron mayor presencia policial para prevenir nuevos hechos de violencia.<\/p>\n\n\n\n<p>\ud83d\udcf7 Referencial<\/p>\n","protected":false},"excerpt":{"rendered":"<p>Un hombre de cerca de 40 a\u00f1os result\u00f3 con graves lesiones luego de ser agredido con un machete en el sector de Rahue Alto, en Osorno. El hecho se registr\u00f3..<\/p>\n","protected":false},"author":2,"featured_media":14050,"comment_status":"closed","ping_status":"open","sticky":false,"template":"","format":"standard","meta":{"footnotes":""},"categories":[1,28,55],"tags":[],"class_list":["post-14049","post","type-post","status-publish","format-standard","has-post-thumbnail","hentry","category-acontecer","category-actual","category-osorno"],"rttpg_featured_image_url":{"full":["https:\/\/elconquistadorredloslagos.cl\/test\/wp-content\/uploads\/2025\/09\/img-26.jpg",1920,1080,false],"landscape":["https:\/\/elconquistadorredloslagos.cl\/test\/wp-content\/uploads\/2025\/09\/img-26.jpg",1920,1080,false],"portraits":["https:\/\/elconquistadorredloslagos.cl\/test\/wp-content\/uploads\/2025\/09\/img-26.jpg",1920,1080,false],"thumbnail":["https:\/\/elconquistadorredloslagos.cl\/test\/wp-content\/uploads\/2025\/09\/img-26-150x150.jpg",150,150,true],"medium":["https:\/\/elconquistadorredloslagos.cl\/test\/wp-content\/uploads\/2025\/09\/img-26-300x169.jpg",300,169,true],"large":["https:\/\/elconquistadorredloslagos.cl\/test\/wp-content\/uploads\/2025\/09\/img-26-1024x576.jpg",1024,576,true],"1536x1536":["https:\/\/elconquistadorredloslagos.cl\/test\/wp-content\/uploads\/2025\/09\/img-26-1536x864.jpg",1536,864,true],"2048x2048":["https:\/\/elconquistadorredloslagos.cl\/test\/wp-content\/uploads\/2025\/09\/img-26.jpg",1920,1080,false]},"rttpg_author":{"display_name":"ccardenas","author_link":"https:\/\/elconquistadorredloslagos.cl\/test\/blog\/author\/ccardenas\/"},"rttpg_comment":0,"rttpg_category":"<a href=\"https:\/\/elconquistadorredloslagos.cl\/test\/blog\/category\/actual\/acontecer\/\" rel=\"category tag\">Acontecer<\/a> <a href=\"https:\/\/elconquistadorredloslagos.cl\/test\/blog\/category\/actual\/\" rel=\"category tag\">Actualidad<\/a> <a href=\"https:\/\/elconquistadorredloslagos.cl\/test\/blog\/category\/chile\/osorno\/\" rel=\"category tag\">Osorno<\/a>","rttpg_excerpt":"Un hombre de cerca de 40 a\u00f1os result\u00f3 con graves lesiones luego de ser agredido con un machete en el sector de Rahue Alto, en Osorno. El hecho se registr\u00f3..","_links":{"self":[{"href":"https:\/\/elconquistadorredloslagos.cl\/test\/wp-json\/wp\/v2\/posts\/14049","targetHints":{"allow":["GET"]}}],"collection":[{"href":"https:\/\/elconquistadorredloslagos.cl\/test\/wp-json\/wp\/v2\/posts"}],"about":[{"href":"https:\/\/elconquistadorredloslagos.cl\/test\/wp-json\/wp\/v2\/types\/post"}],"author":[{"embeddable":true,"href":"https:\/\/elconquistadorredloslagos.cl\/test\/wp-json\/wp\/v2\/users\/2"}],"replies":[{"embeddable":true,"href":"https:\/\/elconquistadorredloslagos.cl\/test\/wp-json\/wp\/v2\/comments?post=14049"}],"version-history":[{"count":1,"href":"https:\/\/elconquistadorredloslagos.cl\/test\/wp-json\/wp\/v2\/posts\/14049\/revisions"}],"predecessor-version":[{"id":14051,"href":"https:\/\/elconquistadorredloslagos.cl\/test\/wp-json\/wp\/v2\/posts\/14049\/revisions\/14051"}],"wp:featuredmedia":[{"embeddable":true,"href":"https:\/\/elconquistadorredloslagos.cl\/test\/wp-json\/wp\/v2\/media\/14050"}],"wp:attachment":[{"href":"https:\/\/elconquistadorredloslagos.cl\/test\/wp-json\/wp\/v2\/media?parent=14049"}],"wp:term":[{"taxonomy":"category","embeddable":true,"href":"https:\/\/elconquistadorredloslagos.cl\/test\/wp-json\/wp\/v2\/categories?post=14049"},{"taxonomy":"post_tag","embeddable":true,"href":"https:\/\/elconquistadorredloslagos.cl\/test\/wp-json\/wp\/v2\/tags?post=14049"}],"curies":[{"name":"wp","href":"https:\/\/api.w.org\/{rel}","templated":true}]}}