{"id":14046,"date":"2025-09-11T16:45:12","date_gmt":"2025-09-11T19:45:12","guid":{"rendered":"https:\/\/elconquistadorredloslagos.cl\/test\/?p=14046"},"modified":"2025-09-11T16:45:13","modified_gmt":"2025-09-11T19:45:13","slug":"colision-en-pleno-centro-de-osorno-deja-un-lesionado","status":"publish","type":"post","link":"https:\/\/elconquistadorredloslagos.cl\/test\/blog\/2025\/09\/11\/colision-en-pleno-centro-de-osorno-deja-un-lesionado\/","title":{"rendered":"Colisi\u00f3n en pleno centro de Osorno deja un lesionado"},"content":{"rendered":"\n<p>Un accidente de tr\u00e1nsito ocurrido la ma\u00f1ana de este jueves moviliz\u00f3 a equipos de emergencia en Osorno. El hecho se registr\u00f3 pasadas las 08.00 horas en la intersecci\u00f3n de las calles Eduviges y Mackenna, donde dos veh\u00edculos menores colisionaron en medio del tr\u00e1fico matinal.<\/p>\n\n\n\n<p>En el lugar trabajaron voluntarios de la Tercera y Quinta Compa\u00f1\u00eda de Bomberos, quienes debieron realizar maniobras de extricaci\u00f3n para liberar a uno de los ocupantes que qued\u00f3 atrapado en el interior de uno de los m\u00f3viles.<\/p>\n\n\n\n<p>La persona afectada, que result\u00f3 con lesiones de car\u00e1cter leve, fue atendida por personal del SAMU y posteriormente trasladada hasta el Hospital Base San Jos\u00e9 de Osorno para su evaluaci\u00f3n m\u00e9dica.<\/p>\n\n\n\n<p>La emergencia gener\u00f3 preocupaci\u00f3n entre transe\u00fantes y conductores, ya que el accidente ocurri\u00f3 en un sector de alta circulaci\u00f3n vehicular. Carabineros adopt\u00f3 el procedimiento correspondiente para esclarecer las causas del hecho y normalizar el tr\u00e1nsito en la zona.<\/p>\n\n\n\n<p>\ud83d\udcf7 Redes sociales<\/p>\n","protected":false},"excerpt":{"rendered":"<p>Un accidente de tr\u00e1nsito ocurrido la ma\u00f1ana de este jueves moviliz\u00f3 a equipos de emergencia en Osorno. El hecho se registr\u00f3 pasadas las 08.00 horas en la intersecci\u00f3n de las..<\/p>\n","protected":false},"author":2,"featured_media":14047,"comment_status":"closed","ping_status":"open","sticky":false,"template":"","format":"standard","meta":{"footnotes":""},"categories":[1,28,55],"tags":[],"class_list":["post-14046","post","type-post","status-publish","format-standard","has-post-thumbnail","hentry","category-acontecer","category-actual","category-osorno"],"rttpg_featured_image_url":{"full":["https:\/\/elconquistadorredloslagos.cl\/test\/wp-content\/uploads\/2025\/09\/img-25.jpg",1920,1080,false],"landscape":["https:\/\/elconquistadorredloslagos.cl\/test\/wp-content\/uploads\/2025\/09\/img-25.jpg",1920,1080,false],"portraits":["https:\/\/elconquistadorredloslagos.cl\/test\/wp-content\/uploads\/2025\/09\/img-25.jpg",1920,1080,false],"thumbnail":["https:\/\/elconquistadorredloslagos.cl\/test\/wp-content\/uploads\/2025\/09\/img-25-150x150.jpg",150,150,true],"medium":["https:\/\/elconquistadorredloslagos.cl\/test\/wp-content\/uploads\/2025\/09\/img-25-300x169.jpg",300,169,true],"large":["https:\/\/elconquistadorredloslagos.cl\/test\/wp-content\/uploads\/2025\/09\/img-25-1024x576.jpg",1024,576,true],"1536x1536":["https:\/\/elconquistadorredloslagos.cl\/test\/wp-content\/uploads\/2025\/09\/img-25-1536x864.jpg",1536,864,true],"2048x2048":["https:\/\/elconquistadorredloslagos.cl\/test\/wp-content\/uploads\/2025\/09\/img-25.jpg",1920,1080,false]},"rttpg_author":{"display_name":"ccardenas","author_link":"https:\/\/elconquistadorredloslagos.cl\/test\/blog\/author\/ccardenas\/"},"rttpg_comment":0,"rttpg_category":"<a href=\"https:\/\/elconquistadorredloslagos.cl\/test\/blog\/category\/actual\/acontecer\/\" rel=\"category tag\">Acontecer<\/a> <a href=\"https:\/\/elconquistadorredloslagos.cl\/test\/blog\/category\/actual\/\" rel=\"category tag\">Actualidad<\/a> <a href=\"https:\/\/elconquistadorredloslagos.cl\/test\/blog\/category\/chile\/osorno\/\" rel=\"category tag\">Osorno<\/a>","rttpg_excerpt":"Un accidente de tr\u00e1nsito ocurrido la ma\u00f1ana de este jueves moviliz\u00f3 a equipos de emergencia en Osorno. El hecho se registr\u00f3 pasadas las 08.00 horas en la intersecci\u00f3n de las..","_links":{"self":[{"href":"https:\/\/elconquistadorredloslagos.cl\/test\/wp-json\/wp\/v2\/posts\/14046","targetHints":{"allow":["GET"]}}],"collection":[{"href":"https:\/\/elconquistadorredloslagos.cl\/test\/wp-json\/wp\/v2\/posts"}],"about":[{"href":"https:\/\/elconquistadorredloslagos.cl\/test\/wp-json\/wp\/v2\/types\/post"}],"author":[{"embeddable":true,"href":"https:\/\/elconquistadorredloslagos.cl\/test\/wp-json\/wp\/v2\/users\/2"}],"replies":[{"embeddable":true,"href":"https:\/\/elconquistadorredloslagos.cl\/test\/wp-json\/wp\/v2\/comments?post=14046"}],"version-history":[{"count":1,"href":"https:\/\/elconquistadorredloslagos.cl\/test\/wp-json\/wp\/v2\/posts\/14046\/revisions"}],"predecessor-version":[{"id":14048,"href":"https:\/\/elconquistadorredloslagos.cl\/test\/wp-json\/wp\/v2\/posts\/14046\/revisions\/14048"}],"wp:featuredmedia":[{"embeddable":true,"href":"https:\/\/elconquistadorredloslagos.cl\/test\/wp-json\/wp\/v2\/media\/14047"}],"wp:attachment":[{"href":"https:\/\/elconquistadorredloslagos.cl\/test\/wp-json\/wp\/v2\/media?parent=14046"}],"wp:term":[{"taxonomy":"category","embeddable":true,"href":"https:\/\/elconquistadorredloslagos.cl\/test\/wp-json\/wp\/v2\/categories?post=14046"},{"taxonomy":"post_tag","embeddable":true,"href":"https:\/\/elconquistadorredloslagos.cl\/test\/wp-json\/wp\/v2\/tags?post=14046"}],"curies":[{"name":"wp","href":"https:\/\/api.w.org\/{rel}","templated":true}]}}