{"id":14038,"date":"2025-09-11T16:40:25","date_gmt":"2025-09-11T19:40:25","guid":{"rendered":"https:\/\/elconquistadorredloslagos.cl\/test\/?p=14038"},"modified":"2025-09-11T16:40:26","modified_gmt":"2025-09-11T19:40:26","slug":"operacion-fortaleza-pdi-y-carabineros-logran-mas-de-160-detenidos-en-trabajo-conjunto-en-osorno-llanquihue-y-chiloe","status":"publish","type":"post","link":"https:\/\/elconquistadorredloslagos.cl\/test\/blog\/2025\/09\/11\/operacion-fortaleza-pdi-y-carabineros-logran-mas-de-160-detenidos-en-trabajo-conjunto-en-osorno-llanquihue-y-chiloe\/","title":{"rendered":"Operaci\u00f3n \u201cFortaleza\u201d: PDI y carabineros logran m\u00e1s de 160 detenidos en trabajo conjunto en Osorno, Llanquihue y Chilo\u00e9"},"content":{"rendered":"\n<p>La Polic\u00eda de Investigaciones y&nbsp; Carabineros de Chile, efectuaron un servicio especial con el objetivo de capturar pr\u00f3fugos de la justicia y fiscalizar a ciudadanos extranjeros en el marco de la Ley de Migraciones.<\/p>\n\n\n\n<p>El denominado Operativo Fortaleza implic\u00f3 trabajo simult\u00e1neo a nivel pa\u00eds entre ambas polic\u00edas, y que en la regi\u00f3n de Los Lagos contempl\u00f3 un despliegue policial de m\u00e1s de 250 efectivos desplegados en las distintas comunas.<\/p>\n\n\n\n<p>Respecto del balance, detectives detuvieron a un total de 32 personas entre las provincias de Osorno, Llanquihue y Chilo\u00e9, destacando delitos como estafas y otras defraudaciones; lesiones menos graves; amenazas simples contra personas y propiedades; giro doloso de cheques, microtr\u00e1fico, receptaci\u00f3n, conducci\u00f3n en estado de ebriedad, delitos contra la propiedad intelectual, infracci\u00f3n a la Ley de Pesca, irrupciones del servicio el\u00e9ctrico, pensi\u00f3n de alimentos, entre otros il\u00edcitos. As\u00ed lo coment\u00f3 Patricia Rada, seremi de Seguridad P\u00fablica en la Regi\u00f3n de Los Lagos.<\/p>\n\n\n\n<figure class=\"wp-block-audio\"><audio controls src=\"https:\/\/elconquistadorredloslagos.cl\/test\/wp-content\/uploads\/2025\/09\/CUNA-RADA.mp3\"><\/audio><\/figure>\n\n\n\n<p>Asimismo, la PDI fiscaliz\u00f3 a m\u00e1s de 170 ciudadanos extranjeros, detectando a 29 personas en situaci\u00f3n irregular en el pa\u00eds, por lo que fueron denunciados a la autoridad administrativa por infracci\u00f3n a la Ley de Migraciones, destacando el ingreso a territorio nacional por paso fronterizo no habilitado. Detalles que fueron entregados por el prefecto inspector Sergio Alvear, jefe de la Regi\u00f3n Policial de la PDI en Los Lagos.<\/p>\n\n\n\n<figure class=\"wp-block-audio\"><audio controls src=\"https:\/\/elconquistadorredloslagos.cl\/test\/wp-content\/uploads\/2025\/09\/CUNA-PDI-LOS-LAGOS.mp3\"><\/audio><\/figure>\n\n\n\n<p>Por su parte Carabineros sum\u00f3 131 detenciones en 8.193 controles preventivos. De \u00e9stas, 44 est\u00e1n relacionadas con \u00f3rdenes judiciales pendientes. Adem\u00e1s, se lograron detenciones por hurtos, robos, receptaci\u00f3n, lesiones y amenazas, y delitos contra la propiedad intelectual, entre otros. Lo anterior fue analizado por el general Jorge Valdivia, jefe de Zona de Carabineros de la Regi\u00f3n de Los Lagos.<\/p>\n\n\n\n<figure class=\"wp-block-audio\"><audio controls src=\"https:\/\/elconquistadorredloslagos.cl\/test\/wp-content\/uploads\/2025\/09\/CUNA-CARABINEROS-LOS-LAGOS.mp3\"><\/audio><\/figure>\n\n\n\n<p>Tambi\u00e9n se cursaron 478 infracciones, 370 de ellas por delitos de la Ley de Tr\u00e1nsito, 86 por incivilidades, tal como la ingesta de alcohol en v\u00eda p\u00fablica; 16 por comercio ambulante, entre otras. Por \u00faltimo, se incautaron 12 veh\u00edculos que ten\u00edan encargo por robo. La labor tambi\u00e9n fue comentada por la delegada provincial de Osorno, Claudia Pailalef. <\/p>\n\n\n\n<figure class=\"wp-block-audio\"><audio controls src=\"https:\/\/elconquistadorredloslagos.cl\/test\/wp-content\/uploads\/2025\/09\/Cuna-delegada-Osorno.mp3\"><\/audio><\/figure>\n\n\n\n<p>Destacar que se trata del segundo operativo conjunto entre la PDI y Carabineros, el cual a la fecha ha dejado a m\u00e1s de 260 detenidos a nivel regional, entre los meses de agosto y septiembre.<\/p>\n","protected":false},"excerpt":{"rendered":"<p>La Polic\u00eda de Investigaciones y&nbsp; Carabineros de Chile, efectuaron un servicio especial con el objetivo de capturar pr\u00f3fugos de la justicia y fiscalizar a ciudadanos extranjeros en el marco de..<\/p>\n","protected":false},"author":2,"featured_media":14044,"comment_status":"closed","ping_status":"open","sticky":false,"template":"","format":"standard","meta":{"footnotes":""},"categories":[1,28,51,54,55,56],"tags":[],"class_list":["post-14038","post","type-post","status-publish","format-standard","has-post-thumbnail","hentry","category-acontecer","category-actual","category-chiloe","category-lago-llanquihue","category-osorno","category-puerto-montt"],"rttpg_featured_image_url":{"full":["https:\/\/elconquistadorredloslagos.cl\/test\/wp-content\/uploads\/2025\/09\/img-24.jpg",1920,1080,false],"landscape":["https:\/\/elconquistadorredloslagos.cl\/test\/wp-content\/uploads\/2025\/09\/img-24.jpg",1920,1080,false],"portraits":["https:\/\/elconquistadorredloslagos.cl\/test\/wp-content\/uploads\/2025\/09\/img-24.jpg",1920,1080,false],"thumbnail":["https:\/\/elconquistadorredloslagos.cl\/test\/wp-content\/uploads\/2025\/09\/img-24-150x150.jpg",150,150,true],"medium":["https:\/\/elconquistadorredloslagos.cl\/test\/wp-content\/uploads\/2025\/09\/img-24-300x169.jpg",300,169,true],"large":["https:\/\/elconquistadorredloslagos.cl\/test\/wp-content\/uploads\/2025\/09\/img-24-1024x576.jpg",1024,576,true],"1536x1536":["https:\/\/elconquistadorredloslagos.cl\/test\/wp-content\/uploads\/2025\/09\/img-24-1536x864.jpg",1536,864,true],"2048x2048":["https:\/\/elconquistadorredloslagos.cl\/test\/wp-content\/uploads\/2025\/09\/img-24.jpg",1920,1080,false]},"rttpg_author":{"display_name":"ccardenas","author_link":"https:\/\/elconquistadorredloslagos.cl\/test\/blog\/author\/ccardenas\/"},"rttpg_comment":0,"rttpg_category":"<a href=\"https:\/\/elconquistadorredloslagos.cl\/test\/blog\/category\/actual\/acontecer\/\" rel=\"category tag\">Acontecer<\/a> <a href=\"https:\/\/elconquistadorredloslagos.cl\/test\/blog\/category\/actual\/\" rel=\"category tag\">Actualidad<\/a> <a href=\"https:\/\/elconquistadorredloslagos.cl\/test\/blog\/category\/chile\/chiloe\/\" rel=\"category tag\">Chilo\u00e9<\/a> <a href=\"https:\/\/elconquistadorredloslagos.cl\/test\/blog\/category\/chile\/lago-llanquihue\/\" rel=\"category tag\">Lago LLanquihue<\/a> <a href=\"https:\/\/elconquistadorredloslagos.cl\/test\/blog\/category\/chile\/osorno\/\" rel=\"category tag\">Osorno<\/a> <a href=\"https:\/\/elconquistadorredloslagos.cl\/test\/blog\/category\/chile\/puerto-montt\/\" rel=\"category tag\">Puerto Montt<\/a>","rttpg_excerpt":"La Polic\u00eda de Investigaciones y&nbsp; Carabineros de Chile, efectuaron un servicio especial con el objetivo de capturar pr\u00f3fugos de la justicia y fiscalizar a ciudadanos extranjeros en el marco de..","_links":{"self":[{"href":"https:\/\/elconquistadorredloslagos.cl\/test\/wp-json\/wp\/v2\/posts\/14038","targetHints":{"allow":["GET"]}}],"collection":[{"href":"https:\/\/elconquistadorredloslagos.cl\/test\/wp-json\/wp\/v2\/posts"}],"about":[{"href":"https:\/\/elconquistadorredloslagos.cl\/test\/wp-json\/wp\/v2\/types\/post"}],"author":[{"embeddable":true,"href":"https:\/\/elconquistadorredloslagos.cl\/test\/wp-json\/wp\/v2\/users\/2"}],"replies":[{"embeddable":true,"href":"https:\/\/elconquistadorredloslagos.cl\/test\/wp-json\/wp\/v2\/comments?post=14038"}],"version-history":[{"count":1,"href":"https:\/\/elconquistadorredloslagos.cl\/test\/wp-json\/wp\/v2\/posts\/14038\/revisions"}],"predecessor-version":[{"id":14045,"href":"https:\/\/elconquistadorredloslagos.cl\/test\/wp-json\/wp\/v2\/posts\/14038\/revisions\/14045"}],"wp:featuredmedia":[{"embeddable":true,"href":"https:\/\/elconquistadorredloslagos.cl\/test\/wp-json\/wp\/v2\/media\/14044"}],"wp:attachment":[{"href":"https:\/\/elconquistadorredloslagos.cl\/test\/wp-json\/wp\/v2\/media?parent=14038"}],"wp:term":[{"taxonomy":"category","embeddable":true,"href":"https:\/\/elconquistadorredloslagos.cl\/test\/wp-json\/wp\/v2\/categories?post=14038"},{"taxonomy":"post_tag","embeddable":true,"href":"https:\/\/elconquistadorredloslagos.cl\/test\/wp-json\/wp\/v2\/tags?post=14038"}],"curies":[{"name":"wp","href":"https:\/\/api.w.org\/{rel}","templated":true}]}}