{"id":14034,"date":"2025-09-11T14:10:33","date_gmt":"2025-09-11T17:10:33","guid":{"rendered":"https:\/\/elconquistadorredloslagos.cl\/test\/?p=14034"},"modified":"2025-09-11T14:10:33","modified_gmt":"2025-09-11T17:10:33","slug":"conductor-queda-con-arresto-domiciliario-por-presunta-violacion-en-castro","status":"publish","type":"post","link":"https:\/\/elconquistadorredloslagos.cl\/test\/blog\/2025\/09\/11\/conductor-queda-con-arresto-domiciliario-por-presunta-violacion-en-castro\/","title":{"rendered":"Conductor queda con arresto domiciliario por presunta violaci\u00f3n en Castro"},"content":{"rendered":"\n<p>Un conductor de aplicaci\u00f3n fue formalizado en Castro tras ser acusado de agredir sexualmente a una joven de 24 a\u00f1os, a quien habr\u00eda trasladado desde la discoteca OVO, en el complejo del casino Enjoy Chilo\u00e9, hasta un domicilio en el sector alto de la ciudad. La denuncia qued\u00f3 en manos de la Brigada Investigadora de Delitos Sexuales de Ancud, que realiz\u00f3 las primeras diligencias.<\/p>\n\n\n\n<p>La v\u00edctima asegur\u00f3 que el imputado, de 36 a\u00f1os y oriundo de Panguipulli, la llev\u00f3 hasta una vivienda donde fue atacada mientras permanec\u00eda inconsciente, situaci\u00f3n que fue corroborada con antecedentes entregados por Carabineros. La defensa, en tanto, aleg\u00f3 que se trat\u00f3 de una relaci\u00f3n consentida y cuestion\u00f3 la legalidad de la detenci\u00f3n.<\/p>\n\n\n\n<p>Durante la audiencia, el fiscal Javier Calisto lo acus\u00f3 por el delito de violaci\u00f3n de mayor de 14 a\u00f1os, considerando la incapacidad de la afectada para oponerse.<\/p>\n\n\n\n<figure class=\"wp-block-audio\"><audio controls src=\"https:\/\/elconquistadorredloslagos.cl\/test\/wp-content\/uploads\/2025\/09\/CUNA-FISCAL-CALISTO.mp3\"><\/audio><\/figure>\n\n\n\n<p>La magistrada J\u00e9sica Y\u00e1\u00f1ez declar\u00f3 ajustada a derecho la detenci\u00f3n y decret\u00f3 medidas cautelares de arresto domiciliario nocturno, prohibici\u00f3n de acercarse a la v\u00edctima, firma mensual y arraigo nacional. El tribunal otorg\u00f3 un plazo de 120 d\u00edas para desarrollar la investigaci\u00f3n, que incluye peritajes adicionales solicitados por el Ministerio P\u00fablico.<\/p>\n\n\n\n<p>\ud83d\udcf7 Contexto<\/p>\n","protected":false},"excerpt":{"rendered":"<p>Un conductor de aplicaci\u00f3n fue formalizado en Castro tras ser acusado de agredir sexualmente a una joven de 24 a\u00f1os, a quien habr\u00eda trasladado desde la discoteca OVO, en el..<\/p>\n","protected":false},"author":2,"featured_media":14036,"comment_status":"closed","ping_status":"open","sticky":false,"template":"","format":"standard","meta":{"footnotes":""},"categories":[1,28,51],"tags":[],"class_list":["post-14034","post","type-post","status-publish","format-standard","has-post-thumbnail","hentry","category-acontecer","category-actual","category-chiloe"],"rttpg_featured_image_url":{"full":["https:\/\/elconquistadorredloslagos.cl\/test\/wp-content\/uploads\/2025\/09\/img-23.jpg",1920,1080,false],"landscape":["https:\/\/elconquistadorredloslagos.cl\/test\/wp-content\/uploads\/2025\/09\/img-23.jpg",1920,1080,false],"portraits":["https:\/\/elconquistadorredloslagos.cl\/test\/wp-content\/uploads\/2025\/09\/img-23.jpg",1920,1080,false],"thumbnail":["https:\/\/elconquistadorredloslagos.cl\/test\/wp-content\/uploads\/2025\/09\/img-23-150x150.jpg",150,150,true],"medium":["https:\/\/elconquistadorredloslagos.cl\/test\/wp-content\/uploads\/2025\/09\/img-23-300x169.jpg",300,169,true],"large":["https:\/\/elconquistadorredloslagos.cl\/test\/wp-content\/uploads\/2025\/09\/img-23-1024x576.jpg",1024,576,true],"1536x1536":["https:\/\/elconquistadorredloslagos.cl\/test\/wp-content\/uploads\/2025\/09\/img-23-1536x864.jpg",1536,864,true],"2048x2048":["https:\/\/elconquistadorredloslagos.cl\/test\/wp-content\/uploads\/2025\/09\/img-23.jpg",1920,1080,false]},"rttpg_author":{"display_name":"ccardenas","author_link":"https:\/\/elconquistadorredloslagos.cl\/test\/blog\/author\/ccardenas\/"},"rttpg_comment":0,"rttpg_category":"<a href=\"https:\/\/elconquistadorredloslagos.cl\/test\/blog\/category\/actual\/acontecer\/\" rel=\"category tag\">Acontecer<\/a> <a href=\"https:\/\/elconquistadorredloslagos.cl\/test\/blog\/category\/actual\/\" rel=\"category tag\">Actualidad<\/a> <a href=\"https:\/\/elconquistadorredloslagos.cl\/test\/blog\/category\/chile\/chiloe\/\" rel=\"category tag\">Chilo\u00e9<\/a>","rttpg_excerpt":"Un conductor de aplicaci\u00f3n fue formalizado en Castro tras ser acusado de agredir sexualmente a una joven de 24 a\u00f1os, a quien habr\u00eda trasladado desde la discoteca OVO, en el..","_links":{"self":[{"href":"https:\/\/elconquistadorredloslagos.cl\/test\/wp-json\/wp\/v2\/posts\/14034","targetHints":{"allow":["GET"]}}],"collection":[{"href":"https:\/\/elconquistadorredloslagos.cl\/test\/wp-json\/wp\/v2\/posts"}],"about":[{"href":"https:\/\/elconquistadorredloslagos.cl\/test\/wp-json\/wp\/v2\/types\/post"}],"author":[{"embeddable":true,"href":"https:\/\/elconquistadorredloslagos.cl\/test\/wp-json\/wp\/v2\/users\/2"}],"replies":[{"embeddable":true,"href":"https:\/\/elconquistadorredloslagos.cl\/test\/wp-json\/wp\/v2\/comments?post=14034"}],"version-history":[{"count":1,"href":"https:\/\/elconquistadorredloslagos.cl\/test\/wp-json\/wp\/v2\/posts\/14034\/revisions"}],"predecessor-version":[{"id":14037,"href":"https:\/\/elconquistadorredloslagos.cl\/test\/wp-json\/wp\/v2\/posts\/14034\/revisions\/14037"}],"wp:featuredmedia":[{"embeddable":true,"href":"https:\/\/elconquistadorredloslagos.cl\/test\/wp-json\/wp\/v2\/media\/14036"}],"wp:attachment":[{"href":"https:\/\/elconquistadorredloslagos.cl\/test\/wp-json\/wp\/v2\/media?parent=14034"}],"wp:term":[{"taxonomy":"category","embeddable":true,"href":"https:\/\/elconquistadorredloslagos.cl\/test\/wp-json\/wp\/v2\/categories?post=14034"},{"taxonomy":"post_tag","embeddable":true,"href":"https:\/\/elconquistadorredloslagos.cl\/test\/wp-json\/wp\/v2\/tags?post=14034"}],"curies":[{"name":"wp","href":"https:\/\/api.w.org\/{rel}","templated":true}]}}