{"id":14031,"date":"2025-09-11T11:32:44","date_gmt":"2025-09-11T14:32:44","guid":{"rendered":"https:\/\/elconquistadorredloslagos.cl\/test\/?p=14031"},"modified":"2025-09-11T11:32:45","modified_gmt":"2025-09-11T14:32:45","slug":"evaluan-aumentar-frecuencias-del-tren-entre-llanquihue-y-puerto-montt","status":"publish","type":"post","link":"https:\/\/elconquistadorredloslagos.cl\/test\/blog\/2025\/09\/11\/evaluan-aumentar-frecuencias-del-tren-entre-llanquihue-y-puerto-montt\/","title":{"rendered":"Eval\u00faan aumentar frecuencias del tren entre Llanquihue y Puerto Montt"},"content":{"rendered":"\n<p>El aumento de frecuencias del servicio ferroviario entre <strong>Llanquihue y Puerto Montt<\/strong> podr\u00eda concretarse en los pr\u00f3ximos d\u00edas, medida que la Empresa de Ferrocarriles del Estado (EFE) est\u00e1 analizando implementar, seg\u00fan inform\u00f3 este jueves <em>El Llanquihue<\/em>.<\/p>\n\n\n\n<p>Aunque sin entregar mayores detalles, el seremi de Transportes, <strong>Pablo Joost<\/strong>, adelant\u00f3 que en el corto plazo podr\u00edan agregarse m\u00e1s viajes de este tren. \u201cLo que esperamos es que se pueda al menos duplicar la frecuencia diaria en los d\u00edas h\u00e1biles y que alcancemos nuevamente el equilibrio desde el punto de vista de la demanda\u201d, se\u00f1al\u00f3.<\/p>\n\n\n\n<p>Actualmente existen <strong>24 servicios diarios<\/strong>, que parten a las 06:00 horas desde Llanquihue y finalizan a las 22:00 horas en la misma ciudad. De acuerdo con datos de EFE, entre <strong>mil y mil doscientas personas<\/strong> utilizan diariamente este medio de transporte, cifra que se espera aumentar con la ampliaci\u00f3n de los horarios.<\/p>\n\n\n\n<p>El seremi subray\u00f3 que se trata de un <strong>proyecto piloto<\/strong> que se ir\u00e1 perfeccionando. \u201cVamos a ir paso a paso. Este es un plan que ir\u00e1 incorporando mejoras, como mayor frecuencia. Esperamos tambi\u00e9n sumar m\u00e1s paraderos y extender la operaci\u00f3n a los fines de semana, que es una demanda muy solicitada por las autoridades y la comunidad. Pero es una definici\u00f3n que finalmente tiene que tomar EFE, que tiene a su cargo este servicio\u201d, puntualiz\u00f3.<\/p>\n\n\n\n<p>Las declaraciones se dieron durante el lanzamiento de la campa\u00f1a <strong>\u201cEn Fiestas Patrias: yo paro, miro y escucho\u201d<\/strong>, en el marco del Programa <em>EFE Seguro<\/em>. En la actividad, junto a la seremi de Seguridad P\u00fablica <strong>Patricia Rada<\/strong>, funcionarios de EFE y Carabineros, se entregaron volantes a conductores y peatones en el cruce ferroviario de Valle Volcanes, a la altura del Parque Pucal\u00e1n.<\/p>\n","protected":false},"excerpt":{"rendered":"<p>El aumento de frecuencias del servicio ferroviario entre Llanquihue y Puerto Montt podr\u00eda concretarse en los pr\u00f3ximos d\u00edas, medida que la Empresa de Ferrocarriles del Estado (EFE) est\u00e1 analizando implementar,..<\/p>\n","protected":false},"author":7,"featured_media":14032,"comment_status":"closed","ping_status":"open","sticky":false,"template":"","format":"standard","meta":{"footnotes":""},"categories":[28,54,56],"tags":[],"class_list":["post-14031","post","type-post","status-publish","format-standard","has-post-thumbnail","hentry","category-actual","category-lago-llanquihue","category-puerto-montt"],"rttpg_featured_image_url":{"full":["https:\/\/elconquistadorredloslagos.cl\/test\/wp-content\/uploads\/2025\/09\/tren-puerto-montt-llanquihue.png",1920,1080,false],"landscape":["https:\/\/elconquistadorredloslagos.cl\/test\/wp-content\/uploads\/2025\/09\/tren-puerto-montt-llanquihue.png",1920,1080,false],"portraits":["https:\/\/elconquistadorredloslagos.cl\/test\/wp-content\/uploads\/2025\/09\/tren-puerto-montt-llanquihue.png",1920,1080,false],"thumbnail":["https:\/\/elconquistadorredloslagos.cl\/test\/wp-content\/uploads\/2025\/09\/tren-puerto-montt-llanquihue-150x150.png",150,150,true],"medium":["https:\/\/elconquistadorredloslagos.cl\/test\/wp-content\/uploads\/2025\/09\/tren-puerto-montt-llanquihue-300x169.png",300,169,true],"large":["https:\/\/elconquistadorredloslagos.cl\/test\/wp-content\/uploads\/2025\/09\/tren-puerto-montt-llanquihue-1024x576.png",1024,576,true],"1536x1536":["https:\/\/elconquistadorredloslagos.cl\/test\/wp-content\/uploads\/2025\/09\/tren-puerto-montt-llanquihue-1536x864.png",1536,864,true],"2048x2048":["https:\/\/elconquistadorredloslagos.cl\/test\/wp-content\/uploads\/2025\/09\/tren-puerto-montt-llanquihue.png",1920,1080,false]},"rttpg_author":{"display_name":"enzodelahoz1988","author_link":"https:\/\/elconquistadorredloslagos.cl\/test\/blog\/author\/enzodelahoz1988\/"},"rttpg_comment":0,"rttpg_category":"<a href=\"https:\/\/elconquistadorredloslagos.cl\/test\/blog\/category\/actual\/\" rel=\"category tag\">Actualidad<\/a> <a href=\"https:\/\/elconquistadorredloslagos.cl\/test\/blog\/category\/chile\/lago-llanquihue\/\" rel=\"category tag\">Lago LLanquihue<\/a> <a href=\"https:\/\/elconquistadorredloslagos.cl\/test\/blog\/category\/chile\/puerto-montt\/\" rel=\"category tag\">Puerto Montt<\/a>","rttpg_excerpt":"El aumento de frecuencias del servicio ferroviario entre Llanquihue y Puerto Montt podr\u00eda concretarse en los pr\u00f3ximos d\u00edas, medida que la Empresa de Ferrocarriles del Estado (EFE) est\u00e1 analizando implementar,..","_links":{"self":[{"href":"https:\/\/elconquistadorredloslagos.cl\/test\/wp-json\/wp\/v2\/posts\/14031","targetHints":{"allow":["GET"]}}],"collection":[{"href":"https:\/\/elconquistadorredloslagos.cl\/test\/wp-json\/wp\/v2\/posts"}],"about":[{"href":"https:\/\/elconquistadorredloslagos.cl\/test\/wp-json\/wp\/v2\/types\/post"}],"author":[{"embeddable":true,"href":"https:\/\/elconquistadorredloslagos.cl\/test\/wp-json\/wp\/v2\/users\/7"}],"replies":[{"embeddable":true,"href":"https:\/\/elconquistadorredloslagos.cl\/test\/wp-json\/wp\/v2\/comments?post=14031"}],"version-history":[{"count":1,"href":"https:\/\/elconquistadorredloslagos.cl\/test\/wp-json\/wp\/v2\/posts\/14031\/revisions"}],"predecessor-version":[{"id":14033,"href":"https:\/\/elconquistadorredloslagos.cl\/test\/wp-json\/wp\/v2\/posts\/14031\/revisions\/14033"}],"wp:featuredmedia":[{"embeddable":true,"href":"https:\/\/elconquistadorredloslagos.cl\/test\/wp-json\/wp\/v2\/media\/14032"}],"wp:attachment":[{"href":"https:\/\/elconquistadorredloslagos.cl\/test\/wp-json\/wp\/v2\/media?parent=14031"}],"wp:term":[{"taxonomy":"category","embeddable":true,"href":"https:\/\/elconquistadorredloslagos.cl\/test\/wp-json\/wp\/v2\/categories?post=14031"},{"taxonomy":"post_tag","embeddable":true,"href":"https:\/\/elconquistadorredloslagos.cl\/test\/wp-json\/wp\/v2\/tags?post=14031"}],"curies":[{"name":"wp","href":"https:\/\/api.w.org\/{rel}","templated":true}]}}