{"id":14024,"date":"2025-09-10T17:26:32","date_gmt":"2025-09-10T20:26:32","guid":{"rendered":"https:\/\/elconquistadorredloslagos.cl\/test\/?p=14024"},"modified":"2025-09-10T17:26:32","modified_gmt":"2025-09-10T20:26:32","slug":"familia-de-comunero-fallecido-en-el-pilmaiquen-presenta-querella-contra-la-machi-millaray-huichalaf","status":"publish","type":"post","link":"https:\/\/elconquistadorredloslagos.cl\/test\/blog\/2025\/09\/10\/familia-de-comunero-fallecido-en-el-pilmaiquen-presenta-querella-contra-la-machi-millaray-huichalaf\/","title":{"rendered":"Familia de comunero fallecido en el Pilmaiqu\u00e9n presenta querella contra la machi Millaray Huichalaf"},"content":{"rendered":"\n<p>La familia de Ariel Marip\u00e1n, uno de los dos fallecidos durante un ritual en el r\u00edo Pilmaiqu\u00e9n, en R\u00edo Bueno, interpuso una querella en contra de la machi Millaray Huichalaf, a quien responsabilizan de lo ocurrido el pasado 19 de agosto. El documento judicial la acusa de homicidio simple con dolo eventual, omisi\u00f3n de auxilio y obstrucci\u00f3n a la investigaci\u00f3n.<\/p>\n\n\n\n<p>La causa es indagada por la Brigada de Homicidios de la PDI y el Laboratorio de Criminal\u00edstica, quedando pendiente s\u00f3lo el informe de las autopsias del Servicio M\u00e9dico Legal. La Fiscal\u00eda mantiene a Huichalaf en calidad de imputada, luego de que se negara a entregar testimonio.<\/p>\n\n\n\n<p>Danitza Marip\u00e1n, hija del comunero fallecido, relat\u00f3 que inicialmente acus\u00f3 a una hidroel\u00e9ctrica de haber aumentado el caudal sin aviso, pero que posteriormente fue presionada para no responsabilizar a la machi. Afirm\u00f3 haber recibido amenazas y ser tratada de \u201ctraidora\u201d por colaborar con la investigaci\u00f3n.<\/p>\n\n\n\n<p>Testimonios recogidos por medios nacionales se\u00f1alan que la machi insisti\u00f3 en continuar con la ceremonia pese al accidente en que murieron una adolescente de 15 a\u00f1os y Ariel Marip\u00e1n.<\/p>\n\n\n\n<p>A este escenario se sum\u00f3 la Asociaci\u00f3n Lepunera Se\u00f1or Kintuante, que exigi\u00f3 la salida de Huichalaf de la zona, acus\u00e1ndola de ser \u201cafuerina\u201d y de promover actos de violencia en el territorio.<\/p>\n\n\n\n<p>\ud83d\udcf7 @PDI_LosRios &#8211; X<\/p>\n","protected":false},"excerpt":{"rendered":"<p>La familia de Ariel Marip\u00e1n, uno de los dos fallecidos durante un ritual en el r\u00edo Pilmaiqu\u00e9n, en R\u00edo Bueno, interpuso una querella en contra de la machi Millaray Huichalaf,..<\/p>\n","protected":false},"author":2,"featured_media":14025,"comment_status":"closed","ping_status":"open","sticky":false,"template":"","format":"standard","meta":{"footnotes":""},"categories":[1,28,52],"tags":[],"class_list":["post-14024","post","type-post","status-publish","format-standard","has-post-thumbnail","hentry","category-acontecer","category-actual","category-chile"],"rttpg_featured_image_url":{"full":["https:\/\/elconquistadorredloslagos.cl\/test\/wp-content\/uploads\/2025\/09\/img_100-8.jpg",1920,1080,false],"landscape":["https:\/\/elconquistadorredloslagos.cl\/test\/wp-content\/uploads\/2025\/09\/img_100-8.jpg",1920,1080,false],"portraits":["https:\/\/elconquistadorredloslagos.cl\/test\/wp-content\/uploads\/2025\/09\/img_100-8.jpg",1920,1080,false],"thumbnail":["https:\/\/elconquistadorredloslagos.cl\/test\/wp-content\/uploads\/2025\/09\/img_100-8-150x150.jpg",150,150,true],"medium":["https:\/\/elconquistadorredloslagos.cl\/test\/wp-content\/uploads\/2025\/09\/img_100-8-300x169.jpg",300,169,true],"large":["https:\/\/elconquistadorredloslagos.cl\/test\/wp-content\/uploads\/2025\/09\/img_100-8-1024x576.jpg",1024,576,true],"1536x1536":["https:\/\/elconquistadorredloslagos.cl\/test\/wp-content\/uploads\/2025\/09\/img_100-8-1536x864.jpg",1536,864,true],"2048x2048":["https:\/\/elconquistadorredloslagos.cl\/test\/wp-content\/uploads\/2025\/09\/img_100-8.jpg",1920,1080,false]},"rttpg_author":{"display_name":"ccardenas","author_link":"https:\/\/elconquistadorredloslagos.cl\/test\/blog\/author\/ccardenas\/"},"rttpg_comment":0,"rttpg_category":"<a href=\"https:\/\/elconquistadorredloslagos.cl\/test\/blog\/category\/actual\/acontecer\/\" rel=\"category tag\">Acontecer<\/a> <a href=\"https:\/\/elconquistadorredloslagos.cl\/test\/blog\/category\/actual\/\" rel=\"category tag\">Actualidad<\/a> <a href=\"https:\/\/elconquistadorredloslagos.cl\/test\/blog\/category\/chile\/\" rel=\"category tag\">Nacional<\/a>","rttpg_excerpt":"La familia de Ariel Marip\u00e1n, uno de los dos fallecidos durante un ritual en el r\u00edo Pilmaiqu\u00e9n, en R\u00edo Bueno, interpuso una querella en contra de la machi Millaray Huichalaf,..","_links":{"self":[{"href":"https:\/\/elconquistadorredloslagos.cl\/test\/wp-json\/wp\/v2\/posts\/14024","targetHints":{"allow":["GET"]}}],"collection":[{"href":"https:\/\/elconquistadorredloslagos.cl\/test\/wp-json\/wp\/v2\/posts"}],"about":[{"href":"https:\/\/elconquistadorredloslagos.cl\/test\/wp-json\/wp\/v2\/types\/post"}],"author":[{"embeddable":true,"href":"https:\/\/elconquistadorredloslagos.cl\/test\/wp-json\/wp\/v2\/users\/2"}],"replies":[{"embeddable":true,"href":"https:\/\/elconquistadorredloslagos.cl\/test\/wp-json\/wp\/v2\/comments?post=14024"}],"version-history":[{"count":1,"href":"https:\/\/elconquistadorredloslagos.cl\/test\/wp-json\/wp\/v2\/posts\/14024\/revisions"}],"predecessor-version":[{"id":14026,"href":"https:\/\/elconquistadorredloslagos.cl\/test\/wp-json\/wp\/v2\/posts\/14024\/revisions\/14026"}],"wp:featuredmedia":[{"embeddable":true,"href":"https:\/\/elconquistadorredloslagos.cl\/test\/wp-json\/wp\/v2\/media\/14025"}],"wp:attachment":[{"href":"https:\/\/elconquistadorredloslagos.cl\/test\/wp-json\/wp\/v2\/media?parent=14024"}],"wp:term":[{"taxonomy":"category","embeddable":true,"href":"https:\/\/elconquistadorredloslagos.cl\/test\/wp-json\/wp\/v2\/categories?post=14024"},{"taxonomy":"post_tag","embeddable":true,"href":"https:\/\/elconquistadorredloslagos.cl\/test\/wp-json\/wp\/v2\/tags?post=14024"}],"curies":[{"name":"wp","href":"https:\/\/api.w.org\/{rel}","templated":true}]}}