{"id":14021,"date":"2025-09-10T17:10:43","date_gmt":"2025-09-10T20:10:43","guid":{"rendered":"https:\/\/elconquistadorredloslagos.cl\/test\/?p=14021"},"modified":"2025-09-10T17:10:44","modified_gmt":"2025-09-10T20:10:44","slug":"cooperativa-insular-lleva-el-ajo-de-chiloe-a-feria-internacional-de-costa-rica","status":"publish","type":"post","link":"https:\/\/elconquistadorredloslagos.cl\/test\/blog\/2025\/09\/10\/cooperativa-insular-lleva-el-ajo-de-chiloe-a-feria-internacional-de-costa-rica\/","title":{"rendered":"Cooperativa insular lleva el ajo de Chilo\u00e9 a feria internacional de Costa Rica"},"content":{"rendered":"\n<p>Con pastas, mousse y snacks de papas fritas elaborados a base de ajo chilote, la Cooperativa Campesina Punta Chil\u00e9n de Ancud represent\u00f3 a Chilo\u00e9 en la feria internacional de gastronom\u00eda y hoteler\u00eda EXPHORE 2025, realizada en Costa Rica entre el 26 y 28 de agosto. El evento reuni\u00f3 a m\u00e1s de 200 proveedores y compradores de toda Centroam\u00e9rica, convirti\u00e9ndose en una vitrina clave para la proyecci\u00f3n de sus productos con identidad territorial.<\/p>\n\n\n\n<p>La participaci\u00f3n fue posible gracias al respaldo de ProChile y el programa Agricultura de Menor Escala (AME). \u201cLa Cooperativa Punta Chil\u00e9n y su marca Chilo\u00e9 Gourmet son un ejemplo de perseverancia. Ya exportaron a mercados exigentes como Estados Unidos y B\u00e9lgica, y hoy buscan retomar esas rutas y abrir nuevas oportunidades en Latinoam\u00e9rica\u201d, destac\u00f3 Ricardo Arriagada, director regional de ProChile en Los Lagos.<\/p>\n\n\n\n<p>Durante la feria, los productos chilotes despertaron inter\u00e9s inmediato entre importadores y consumidores, quienes valoraron sus sabores naturales. \u201cEstamos muy contentos, logramos contactos con importadores y esperamos pronto tener buenas noticias para ingresar a este mercado tan exigente\u201d, se\u00f1al\u00f3 Andrea Curumilla, gerenta de la cooperativa.<\/p>\n\n\n\n<p>Con iniciativas como esta, ProChile impulsa la internacionalizaci\u00f3n de peque\u00f1os productores rurales, promoviendo la transformaci\u00f3n de la identidad local en una oferta exportable con valor agregado.<\/p>\n","protected":false},"excerpt":{"rendered":"<p>Con pastas, mousse y snacks de papas fritas elaborados a base de ajo chilote, la Cooperativa Campesina Punta Chil\u00e9n de Ancud represent\u00f3 a Chilo\u00e9 en la feria internacional de gastronom\u00eda..<\/p>\n","protected":false},"author":2,"featured_media":14022,"comment_status":"closed","ping_status":"open","sticky":false,"template":"","format":"standard","meta":{"footnotes":""},"categories":[1,28,51,25,53],"tags":[],"class_list":["post-14021","post","type-post","status-publish","format-standard","has-post-thumbnail","hentry","category-acontecer","category-actual","category-chiloe","category-empresas","category-mundo"],"rttpg_featured_image_url":{"full":["https:\/\/elconquistadorredloslagos.cl\/test\/wp-content\/uploads\/2025\/09\/img_100-7.jpg",1920,1080,false],"landscape":["https:\/\/elconquistadorredloslagos.cl\/test\/wp-content\/uploads\/2025\/09\/img_100-7.jpg",1920,1080,false],"portraits":["https:\/\/elconquistadorredloslagos.cl\/test\/wp-content\/uploads\/2025\/09\/img_100-7.jpg",1920,1080,false],"thumbnail":["https:\/\/elconquistadorredloslagos.cl\/test\/wp-content\/uploads\/2025\/09\/img_100-7-150x150.jpg",150,150,true],"medium":["https:\/\/elconquistadorredloslagos.cl\/test\/wp-content\/uploads\/2025\/09\/img_100-7-300x169.jpg",300,169,true],"large":["https:\/\/elconquistadorredloslagos.cl\/test\/wp-content\/uploads\/2025\/09\/img_100-7-1024x576.jpg",1024,576,true],"1536x1536":["https:\/\/elconquistadorredloslagos.cl\/test\/wp-content\/uploads\/2025\/09\/img_100-7-1536x864.jpg",1536,864,true],"2048x2048":["https:\/\/elconquistadorredloslagos.cl\/test\/wp-content\/uploads\/2025\/09\/img_100-7.jpg",1920,1080,false]},"rttpg_author":{"display_name":"ccardenas","author_link":"https:\/\/elconquistadorredloslagos.cl\/test\/blog\/author\/ccardenas\/"},"rttpg_comment":0,"rttpg_category":"<a href=\"https:\/\/elconquistadorredloslagos.cl\/test\/blog\/category\/actual\/acontecer\/\" rel=\"category tag\">Acontecer<\/a> <a href=\"https:\/\/elconquistadorredloslagos.cl\/test\/blog\/category\/actual\/\" rel=\"category tag\">Actualidad<\/a> <a href=\"https:\/\/elconquistadorredloslagos.cl\/test\/blog\/category\/chile\/chiloe\/\" rel=\"category tag\">Chilo\u00e9<\/a> <a href=\"https:\/\/elconquistadorredloslagos.cl\/test\/blog\/category\/empresas\/\" rel=\"category tag\">Empresarial<\/a> <a href=\"https:\/\/elconquistadorredloslagos.cl\/test\/blog\/category\/mundo\/\" rel=\"category tag\">Internacional<\/a>","rttpg_excerpt":"Con pastas, mousse y snacks de papas fritas elaborados a base de ajo chilote, la Cooperativa Campesina Punta Chil\u00e9n de Ancud represent\u00f3 a Chilo\u00e9 en la feria internacional de gastronom\u00eda..","_links":{"self":[{"href":"https:\/\/elconquistadorredloslagos.cl\/test\/wp-json\/wp\/v2\/posts\/14021","targetHints":{"allow":["GET"]}}],"collection":[{"href":"https:\/\/elconquistadorredloslagos.cl\/test\/wp-json\/wp\/v2\/posts"}],"about":[{"href":"https:\/\/elconquistadorredloslagos.cl\/test\/wp-json\/wp\/v2\/types\/post"}],"author":[{"embeddable":true,"href":"https:\/\/elconquistadorredloslagos.cl\/test\/wp-json\/wp\/v2\/users\/2"}],"replies":[{"embeddable":true,"href":"https:\/\/elconquistadorredloslagos.cl\/test\/wp-json\/wp\/v2\/comments?post=14021"}],"version-history":[{"count":1,"href":"https:\/\/elconquistadorredloslagos.cl\/test\/wp-json\/wp\/v2\/posts\/14021\/revisions"}],"predecessor-version":[{"id":14023,"href":"https:\/\/elconquistadorredloslagos.cl\/test\/wp-json\/wp\/v2\/posts\/14021\/revisions\/14023"}],"wp:featuredmedia":[{"embeddable":true,"href":"https:\/\/elconquistadorredloslagos.cl\/test\/wp-json\/wp\/v2\/media\/14022"}],"wp:attachment":[{"href":"https:\/\/elconquistadorredloslagos.cl\/test\/wp-json\/wp\/v2\/media?parent=14021"}],"wp:term":[{"taxonomy":"category","embeddable":true,"href":"https:\/\/elconquistadorredloslagos.cl\/test\/wp-json\/wp\/v2\/categories?post=14021"},{"taxonomy":"post_tag","embeddable":true,"href":"https:\/\/elconquistadorredloslagos.cl\/test\/wp-json\/wp\/v2\/tags?post=14021"}],"curies":[{"name":"wp","href":"https:\/\/api.w.org\/{rel}","templated":true}]}}