{"id":14018,"date":"2025-09-10T17:04:04","date_gmt":"2025-09-10T20:04:04","guid":{"rendered":"https:\/\/elconquistadorredloslagos.cl\/test\/?p=14018"},"modified":"2025-09-10T17:04:05","modified_gmt":"2025-09-10T20:04:05","slug":"puerto-montt-entre-los-destinos-mas-demandados-en-fiestas-patrias-con-fuerte-aumento-de-viajes-desde-santiago","status":"publish","type":"post","link":"https:\/\/elconquistadorredloslagos.cl\/test\/blog\/2025\/09\/10\/puerto-montt-entre-los-destinos-mas-demandados-en-fiestas-patrias-con-fuerte-aumento-de-viajes-desde-santiago\/","title":{"rendered":"Puerto Montt entre los destinos m\u00e1s demandados en Fiestas Patrias con fuerte aumento de viajes desde Santiago"},"content":{"rendered":"\n<p>M\u00e1s de 709 mil pasajeros transitar\u00e1n por el Aeropuerto de Santiago durante las Fiestas Patrias, seg\u00fan la proyecci\u00f3n entregada por su gerente general, Nicolas Claude. Entre los destinos nacionales con mayor demanda se encuentra Puerto Montt, junto a Calama y Antofagasta, mientras que en el extranjero destacan Buenos Aires, Lima y S\u00e3o Paulo.<\/p>\n\n\n\n<p>El flujo de viajeros, que se concentrar\u00e1 entre el 12 y el 21 de septiembre, representa un alza de 2,7 % en los vuelos internacionales en comparaci\u00f3n con 2024, aunque los trayectos dentro del pa\u00eds registran una baja de 4,7 %.<\/p>\n\n\n\n<p>Las cifras fueron presentadas en una reuni\u00f3n de coordinaci\u00f3n encabezada por la ministra de Obras P\u00fablicas, Jessica L\u00f3pez, junto a Carabineros y concesionarias de autopistas, para definir medidas operativas frente a la masiva salida desde la capital.<\/p>\n\n\n\n<p>Claude explic\u00f3 que este a\u00f1o el terminal a\u00e9reo enfrentar\u00e1 el peak de movilidad con toda su infraestructura en funcionamiento. El aeropuerto dispone de accesos directos, nuevas puertas de embarque y mayor capacidad en puntos cr\u00edticos, lo que permitir\u00e1 agilizar el tr\u00e1nsito de los pasajeros.<\/p>\n\n\n\n<p>La recomendaci\u00f3n para los usuarios es planificar con tiempo, llegar con la anticipaci\u00f3n adecuada y realizar el check-in en l\u00ednea cuando sea posible.<\/p>\n\n\n\n<p><\/p>\n","protected":false},"excerpt":{"rendered":"<p>M\u00e1s de 709 mil pasajeros transitar\u00e1n por el Aeropuerto de Santiago durante las Fiestas Patrias, seg\u00fan la proyecci\u00f3n entregada por su gerente general, Nicolas Claude. Entre los destinos nacionales con..<\/p>\n","protected":false},"author":2,"featured_media":14019,"comment_status":"closed","ping_status":"open","sticky":false,"template":"","format":"standard","meta":{"footnotes":""},"categories":[1,28,52,56,29],"tags":[],"class_list":["post-14018","post","type-post","status-publish","format-standard","has-post-thumbnail","hentry","category-acontecer","category-actual","category-chile","category-puerto-montt","category-turismo"],"rttpg_featured_image_url":{"full":["https:\/\/elconquistadorredloslagos.cl\/test\/wp-content\/uploads\/2025\/09\/img_100-6.jpg",1920,1080,false],"landscape":["https:\/\/elconquistadorredloslagos.cl\/test\/wp-content\/uploads\/2025\/09\/img_100-6.jpg",1920,1080,false],"portraits":["https:\/\/elconquistadorredloslagos.cl\/test\/wp-content\/uploads\/2025\/09\/img_100-6.jpg",1920,1080,false],"thumbnail":["https:\/\/elconquistadorredloslagos.cl\/test\/wp-content\/uploads\/2025\/09\/img_100-6-150x150.jpg",150,150,true],"medium":["https:\/\/elconquistadorredloslagos.cl\/test\/wp-content\/uploads\/2025\/09\/img_100-6-300x169.jpg",300,169,true],"large":["https:\/\/elconquistadorredloslagos.cl\/test\/wp-content\/uploads\/2025\/09\/img_100-6-1024x576.jpg",1024,576,true],"1536x1536":["https:\/\/elconquistadorredloslagos.cl\/test\/wp-content\/uploads\/2025\/09\/img_100-6-1536x864.jpg",1536,864,true],"2048x2048":["https:\/\/elconquistadorredloslagos.cl\/test\/wp-content\/uploads\/2025\/09\/img_100-6.jpg",1920,1080,false]},"rttpg_author":{"display_name":"ccardenas","author_link":"https:\/\/elconquistadorredloslagos.cl\/test\/blog\/author\/ccardenas\/"},"rttpg_comment":0,"rttpg_category":"<a href=\"https:\/\/elconquistadorredloslagos.cl\/test\/blog\/category\/actual\/acontecer\/\" rel=\"category tag\">Acontecer<\/a> <a href=\"https:\/\/elconquistadorredloslagos.cl\/test\/blog\/category\/actual\/\" rel=\"category tag\">Actualidad<\/a> <a href=\"https:\/\/elconquistadorredloslagos.cl\/test\/blog\/category\/chile\/\" rel=\"category tag\">Nacional<\/a> <a href=\"https:\/\/elconquistadorredloslagos.cl\/test\/blog\/category\/chile\/puerto-montt\/\" rel=\"category tag\">Puerto Montt<\/a> <a href=\"https:\/\/elconquistadorredloslagos.cl\/test\/blog\/category\/actual\/turismo\/\" rel=\"category tag\">Turismo<\/a>","rttpg_excerpt":"M\u00e1s de 709 mil pasajeros transitar\u00e1n por el Aeropuerto de Santiago durante las Fiestas Patrias, seg\u00fan la proyecci\u00f3n entregada por su gerente general, Nicolas Claude. Entre los destinos nacionales con..","_links":{"self":[{"href":"https:\/\/elconquistadorredloslagos.cl\/test\/wp-json\/wp\/v2\/posts\/14018","targetHints":{"allow":["GET"]}}],"collection":[{"href":"https:\/\/elconquistadorredloslagos.cl\/test\/wp-json\/wp\/v2\/posts"}],"about":[{"href":"https:\/\/elconquistadorredloslagos.cl\/test\/wp-json\/wp\/v2\/types\/post"}],"author":[{"embeddable":true,"href":"https:\/\/elconquistadorredloslagos.cl\/test\/wp-json\/wp\/v2\/users\/2"}],"replies":[{"embeddable":true,"href":"https:\/\/elconquistadorredloslagos.cl\/test\/wp-json\/wp\/v2\/comments?post=14018"}],"version-history":[{"count":1,"href":"https:\/\/elconquistadorredloslagos.cl\/test\/wp-json\/wp\/v2\/posts\/14018\/revisions"}],"predecessor-version":[{"id":14020,"href":"https:\/\/elconquistadorredloslagos.cl\/test\/wp-json\/wp\/v2\/posts\/14018\/revisions\/14020"}],"wp:featuredmedia":[{"embeddable":true,"href":"https:\/\/elconquistadorredloslagos.cl\/test\/wp-json\/wp\/v2\/media\/14019"}],"wp:attachment":[{"href":"https:\/\/elconquistadorredloslagos.cl\/test\/wp-json\/wp\/v2\/media?parent=14018"}],"wp:term":[{"taxonomy":"category","embeddable":true,"href":"https:\/\/elconquistadorredloslagos.cl\/test\/wp-json\/wp\/v2\/categories?post=14018"},{"taxonomy":"post_tag","embeddable":true,"href":"https:\/\/elconquistadorredloslagos.cl\/test\/wp-json\/wp\/v2\/tags?post=14018"}],"curies":[{"name":"wp","href":"https:\/\/api.w.org\/{rel}","templated":true}]}}