{"id":14015,"date":"2025-09-10T16:56:38","date_gmt":"2025-09-10T19:56:38","guid":{"rendered":"https:\/\/elconquistadorredloslagos.cl\/test\/?p=14015"},"modified":"2025-09-10T16:56:39","modified_gmt":"2025-09-10T19:56:39","slug":"fiscalizacion-intensiva-en-los-lagos-y-aysen-por-cierre-de-cuota-del-erizo","status":"publish","type":"post","link":"https:\/\/elconquistadorredloslagos.cl\/test\/blog\/2025\/09\/10\/fiscalizacion-intensiva-en-los-lagos-y-aysen-por-cierre-de-cuota-del-erizo\/","title":{"rendered":"Fiscalizaci\u00f3n intensiva en Los Lagos y Ays\u00e9n por cierre de cuota del erizo"},"content":{"rendered":"\n<p>El Servicio Nacional de Pesca y Acuicultura (Sernapesca), en coordinaci\u00f3n con la Armada, reforzar\u00e1 los controles en las aguas de las regiones de Los Lagos y Ays\u00e9n tras el cierre de la cuota de extracci\u00f3n del erizo en la zona sur del pa\u00eds.<\/p>\n\n\n\n<p>La medida busca asegurar que solo las embarcaciones inscritas en el Registro Pesquero Artesanal puedan operar, luego de detectarse naves provenientes de Los Lagos realizando capturas en \u00e1reas donde no estaban autorizadas. Esta pr\u00e1ctica constituye actividad ilegal y ser\u00e1 perseguida por los organismos fiscalizadores.<\/p>\n\n\n\n<p>De acuerdo con los registros, la cuota de extracci\u00f3n correspondiente a Los Lagos y la zona contigua alcanz\u00f3 las 8.102,63 toneladas, cumpli\u00e9ndose el l\u00edmite establecido. En tanto, la cuota exclusiva para Ays\u00e9n, fijada en 5.867,42 toneladas, se mantiene abierta y registra un 74% de avance al 9 de septiembre.<\/p>\n\n\n\n<p>Sernapesca reiter\u00f3 que las fiscalizaciones ser\u00e1n constantes para garantizar el cumplimiento de la normativa y adelant\u00f3 que, a partir del 15 de octubre, se dar\u00e1 inicio a la veda biol\u00f3gica del erizo, que se extender\u00e1 hasta el 1 de marzo de 2026. Durante ese periodo estar\u00e1 estrictamente prohibida la extracci\u00f3n del recurso.<\/p>\n","protected":false},"excerpt":{"rendered":"<p>El Servicio Nacional de Pesca y Acuicultura (Sernapesca), en coordinaci\u00f3n con la Armada, reforzar\u00e1 los controles en las aguas de las regiones de Los Lagos y Ays\u00e9n tras el cierre..<\/p>\n","protected":false},"author":2,"featured_media":14016,"comment_status":"closed","ping_status":"open","sticky":false,"template":"","format":"standard","meta":{"footnotes":""},"categories":[1,28],"tags":[],"class_list":["post-14015","post","type-post","status-publish","format-standard","has-post-thumbnail","hentry","category-acontecer","category-actual"],"rttpg_featured_image_url":{"full":["https:\/\/elconquistadorredloslagos.cl\/test\/wp-content\/uploads\/2025\/09\/img_100-5.jpg",1920,1080,false],"landscape":["https:\/\/elconquistadorredloslagos.cl\/test\/wp-content\/uploads\/2025\/09\/img_100-5.jpg",1920,1080,false],"portraits":["https:\/\/elconquistadorredloslagos.cl\/test\/wp-content\/uploads\/2025\/09\/img_100-5.jpg",1920,1080,false],"thumbnail":["https:\/\/elconquistadorredloslagos.cl\/test\/wp-content\/uploads\/2025\/09\/img_100-5-150x150.jpg",150,150,true],"medium":["https:\/\/elconquistadorredloslagos.cl\/test\/wp-content\/uploads\/2025\/09\/img_100-5-300x169.jpg",300,169,true],"large":["https:\/\/elconquistadorredloslagos.cl\/test\/wp-content\/uploads\/2025\/09\/img_100-5-1024x576.jpg",1024,576,true],"1536x1536":["https:\/\/elconquistadorredloslagos.cl\/test\/wp-content\/uploads\/2025\/09\/img_100-5-1536x864.jpg",1536,864,true],"2048x2048":["https:\/\/elconquistadorredloslagos.cl\/test\/wp-content\/uploads\/2025\/09\/img_100-5.jpg",1920,1080,false]},"rttpg_author":{"display_name":"ccardenas","author_link":"https:\/\/elconquistadorredloslagos.cl\/test\/blog\/author\/ccardenas\/"},"rttpg_comment":0,"rttpg_category":"<a href=\"https:\/\/elconquistadorredloslagos.cl\/test\/blog\/category\/actual\/acontecer\/\" rel=\"category tag\">Acontecer<\/a> <a href=\"https:\/\/elconquistadorredloslagos.cl\/test\/blog\/category\/actual\/\" rel=\"category tag\">Actualidad<\/a>","rttpg_excerpt":"El Servicio Nacional de Pesca y Acuicultura (Sernapesca), en coordinaci\u00f3n con la Armada, reforzar\u00e1 los controles en las aguas de las regiones de Los Lagos y Ays\u00e9n tras el cierre..","_links":{"self":[{"href":"https:\/\/elconquistadorredloslagos.cl\/test\/wp-json\/wp\/v2\/posts\/14015","targetHints":{"allow":["GET"]}}],"collection":[{"href":"https:\/\/elconquistadorredloslagos.cl\/test\/wp-json\/wp\/v2\/posts"}],"about":[{"href":"https:\/\/elconquistadorredloslagos.cl\/test\/wp-json\/wp\/v2\/types\/post"}],"author":[{"embeddable":true,"href":"https:\/\/elconquistadorredloslagos.cl\/test\/wp-json\/wp\/v2\/users\/2"}],"replies":[{"embeddable":true,"href":"https:\/\/elconquistadorredloslagos.cl\/test\/wp-json\/wp\/v2\/comments?post=14015"}],"version-history":[{"count":1,"href":"https:\/\/elconquistadorredloslagos.cl\/test\/wp-json\/wp\/v2\/posts\/14015\/revisions"}],"predecessor-version":[{"id":14017,"href":"https:\/\/elconquistadorredloslagos.cl\/test\/wp-json\/wp\/v2\/posts\/14015\/revisions\/14017"}],"wp:featuredmedia":[{"embeddable":true,"href":"https:\/\/elconquistadorredloslagos.cl\/test\/wp-json\/wp\/v2\/media\/14016"}],"wp:attachment":[{"href":"https:\/\/elconquistadorredloslagos.cl\/test\/wp-json\/wp\/v2\/media?parent=14015"}],"wp:term":[{"taxonomy":"category","embeddable":true,"href":"https:\/\/elconquistadorredloslagos.cl\/test\/wp-json\/wp\/v2\/categories?post=14015"},{"taxonomy":"post_tag","embeddable":true,"href":"https:\/\/elconquistadorredloslagos.cl\/test\/wp-json\/wp\/v2\/tags?post=14015"}],"curies":[{"name":"wp","href":"https:\/\/api.w.org\/{rel}","templated":true}]}}