{"id":14012,"date":"2025-09-10T16:53:29","date_gmt":"2025-09-10T19:53:29","guid":{"rendered":"https:\/\/elconquistadorredloslagos.cl\/test\/?p=14012"},"modified":"2025-09-10T16:53:29","modified_gmt":"2025-09-10T19:53:29","slug":"investigan-causas-de-incendio-que-destruyo-tres-viviendas-en-poblacion-bosque-nativo-de-puerto-montt","status":"publish","type":"post","link":"https:\/\/elconquistadorredloslagos.cl\/test\/blog\/2025\/09\/10\/investigan-causas-de-incendio-que-destruyo-tres-viviendas-en-poblacion-bosque-nativo-de-puerto-montt\/","title":{"rendered":"Investigan causas de incendio que destruy\u00f3 tres viviendas en poblaci\u00f3n Bosque Nativo de Puerto Montt"},"content":{"rendered":"\n<p>Equipos especializados iniciaron una investigaci\u00f3n para esclarecer las causas del incendio que la noche de este martes arras\u00f3 con tres inmuebles en la poblaci\u00f3n Bosque Nativo de Puerto Montt, dejando a siete personas damnificadas. El siniestro se desat\u00f3 en el pasaje Los Maticos, en un sector que no cuenta con grifos, lo que complic\u00f3 el combate de las llamas.<\/p>\n\n\n\n<p>De acuerdo con el comandante del Cuerpo de Bomberos, la emergencia afect\u00f3 a una vivienda de dos pisos y a dos caba\u00f1as ubicadas en la parte posterior. Las llamas envolvieron r\u00e1pidamente las estructuras, generando alarma en el vecindario. \u201cEl fuego fue circunscrito y no hay peligro de propagaci\u00f3n, pero tres casas resultaron destruidas\u201d, explic\u00f3 el oficial.<\/p>\n\n\n\n<p>En medio de la emergencia, se desplegaron labores de b\u00fasqueda y rescate debido a la posibilidad de que hubiese personas atrapadas, lo que finalmente fue descartado por el propietario. Sin embargo, una mujer debi\u00f3 saltar desde el segundo piso de la vivienda principal y fue trasladada al Hospital de Puerto Montt en un veh\u00edculo particular.<\/p>\n\n\n\n<p>\ud83d\udcf7 Redes sociales<\/p>\n\n\n\n<p>Bomberos record\u00f3 que la poblaci\u00f3n Bosque Nativo carece de grifos, por lo que fue necesario activar una segunda alarma y abastecerse de agua desde la poblaci\u00f3n Puerta Sur.<\/p>\n","protected":false},"excerpt":{"rendered":"<p>Equipos especializados iniciaron una investigaci\u00f3n para esclarecer las causas del incendio que la noche de este martes arras\u00f3 con tres inmuebles en la poblaci\u00f3n Bosque Nativo de Puerto Montt, dejando..<\/p>\n","protected":false},"author":2,"featured_media":14013,"comment_status":"closed","ping_status":"open","sticky":false,"template":"","format":"standard","meta":{"footnotes":""},"categories":[1,28,56],"tags":[],"class_list":["post-14012","post","type-post","status-publish","format-standard","has-post-thumbnail","hentry","category-acontecer","category-actual","category-puerto-montt"],"rttpg_featured_image_url":{"full":["https:\/\/elconquistadorredloslagos.cl\/test\/wp-content\/uploads\/2025\/09\/img_100-4.jpg",1920,1080,false],"landscape":["https:\/\/elconquistadorredloslagos.cl\/test\/wp-content\/uploads\/2025\/09\/img_100-4.jpg",1920,1080,false],"portraits":["https:\/\/elconquistadorredloslagos.cl\/test\/wp-content\/uploads\/2025\/09\/img_100-4.jpg",1920,1080,false],"thumbnail":["https:\/\/elconquistadorredloslagos.cl\/test\/wp-content\/uploads\/2025\/09\/img_100-4-150x150.jpg",150,150,true],"medium":["https:\/\/elconquistadorredloslagos.cl\/test\/wp-content\/uploads\/2025\/09\/img_100-4-300x169.jpg",300,169,true],"large":["https:\/\/elconquistadorredloslagos.cl\/test\/wp-content\/uploads\/2025\/09\/img_100-4-1024x576.jpg",1024,576,true],"1536x1536":["https:\/\/elconquistadorredloslagos.cl\/test\/wp-content\/uploads\/2025\/09\/img_100-4-1536x864.jpg",1536,864,true],"2048x2048":["https:\/\/elconquistadorredloslagos.cl\/test\/wp-content\/uploads\/2025\/09\/img_100-4.jpg",1920,1080,false]},"rttpg_author":{"display_name":"ccardenas","author_link":"https:\/\/elconquistadorredloslagos.cl\/test\/blog\/author\/ccardenas\/"},"rttpg_comment":0,"rttpg_category":"<a href=\"https:\/\/elconquistadorredloslagos.cl\/test\/blog\/category\/actual\/acontecer\/\" rel=\"category tag\">Acontecer<\/a> <a href=\"https:\/\/elconquistadorredloslagos.cl\/test\/blog\/category\/actual\/\" rel=\"category tag\">Actualidad<\/a> <a href=\"https:\/\/elconquistadorredloslagos.cl\/test\/blog\/category\/chile\/puerto-montt\/\" rel=\"category tag\">Puerto Montt<\/a>","rttpg_excerpt":"Equipos especializados iniciaron una investigaci\u00f3n para esclarecer las causas del incendio que la noche de este martes arras\u00f3 con tres inmuebles en la poblaci\u00f3n Bosque Nativo de Puerto Montt, dejando..","_links":{"self":[{"href":"https:\/\/elconquistadorredloslagos.cl\/test\/wp-json\/wp\/v2\/posts\/14012","targetHints":{"allow":["GET"]}}],"collection":[{"href":"https:\/\/elconquistadorredloslagos.cl\/test\/wp-json\/wp\/v2\/posts"}],"about":[{"href":"https:\/\/elconquistadorredloslagos.cl\/test\/wp-json\/wp\/v2\/types\/post"}],"author":[{"embeddable":true,"href":"https:\/\/elconquistadorredloslagos.cl\/test\/wp-json\/wp\/v2\/users\/2"}],"replies":[{"embeddable":true,"href":"https:\/\/elconquistadorredloslagos.cl\/test\/wp-json\/wp\/v2\/comments?post=14012"}],"version-history":[{"count":1,"href":"https:\/\/elconquistadorredloslagos.cl\/test\/wp-json\/wp\/v2\/posts\/14012\/revisions"}],"predecessor-version":[{"id":14014,"href":"https:\/\/elconquistadorredloslagos.cl\/test\/wp-json\/wp\/v2\/posts\/14012\/revisions\/14014"}],"wp:featuredmedia":[{"embeddable":true,"href":"https:\/\/elconquistadorredloslagos.cl\/test\/wp-json\/wp\/v2\/media\/14013"}],"wp:attachment":[{"href":"https:\/\/elconquistadorredloslagos.cl\/test\/wp-json\/wp\/v2\/media?parent=14012"}],"wp:term":[{"taxonomy":"category","embeddable":true,"href":"https:\/\/elconquistadorredloslagos.cl\/test\/wp-json\/wp\/v2\/categories?post=14012"},{"taxonomy":"post_tag","embeddable":true,"href":"https:\/\/elconquistadorredloslagos.cl\/test\/wp-json\/wp\/v2\/tags?post=14012"}],"curies":[{"name":"wp","href":"https:\/\/api.w.org\/{rel}","templated":true}]}}