{"id":14009,"date":"2025-09-10T14:25:28","date_gmt":"2025-09-10T17:25:28","guid":{"rendered":"https:\/\/elconquistadorredloslagos.cl\/test\/?p=14009"},"modified":"2025-09-10T14:25:29","modified_gmt":"2025-09-10T17:25:29","slug":"festival-de-innovacion-los-lagos-apuesta-por-la-tecnologia-y-el-desarrollo-regional","status":"publish","type":"post","link":"https:\/\/elconquistadorredloslagos.cl\/test\/blog\/2025\/09\/10\/festival-de-innovacion-los-lagos-apuesta-por-la-tecnologia-y-el-desarrollo-regional\/","title":{"rendered":"Festival de Innovaci\u00f3n Los Lagos apuesta por la tecnolog\u00eda y el desarrollo regional"},"content":{"rendered":"\n<p>Puerto Montt fue el escenario de la inauguraci\u00f3n del Festival de Innovaci\u00f3n Los Lagos 2025, FILL, que se extender\u00e1 durante tres d\u00edas a Osorno y Castro. El encuentro busca transformar a la regi\u00f3n en un referente de innovaci\u00f3n, conectando a la academia, empresas, comunidades locales, startups y emprendedores.<\/p>\n\n\n\n<p>El evento, organizado por el Centro de Innovaci\u00f3n Regional Los Lagos de la Universidad Austral de Chile sede Puerto Montt y financiado por el Gobierno Regional, incluye experiencias inmersivas con metaverso, inteligencia artificial, rob\u00f3tica, electromovilidad y an\u00e1lisis de datos, promoviendo el desarrollo tecnol\u00f3gico y la colaboraci\u00f3n entre sectores.<\/p>\n\n\n\n<p>Aliados estrat\u00e9gicos como Microsoft, Entel Digital y BancoEstado participan en la iniciativa, que seg\u00fan el gobernador Alejandro Santana demuestra \u201clas competencias y capacidades de j\u00f3venes profesionales, contribuyendo no solo al mercado local sino tambi\u00e9n internacionalmente\u201d.<\/p>\n\n\n\n<p>\ud83d\udcf7 @<a href=\"https:\/\/www.instagram.com\/innovacionloslagos\/#\">innovacionloslagos<\/a> &#8211; Instagram<\/p>\n","protected":false},"excerpt":{"rendered":"<p>Puerto Montt fue el escenario de la inauguraci\u00f3n del Festival de Innovaci\u00f3n Los Lagos 2025, FILL, que se extender\u00e1 durante tres d\u00edas a Osorno y Castro. El encuentro busca transformar..<\/p>\n","protected":false},"author":2,"featured_media":14010,"comment_status":"closed","ping_status":"open","sticky":false,"template":"","format":"standard","meta":{"footnotes":""},"categories":[1,28,51,55,27],"tags":[],"class_list":["post-14009","post","type-post","status-publish","format-standard","has-post-thumbnail","hentry","category-acontecer","category-actual","category-chiloe","category-osorno","category-tecnologia"],"rttpg_featured_image_url":{"full":["https:\/\/elconquistadorredloslagos.cl\/test\/wp-content\/uploads\/2025\/09\/img_100-3.jpg",1920,1080,false],"landscape":["https:\/\/elconquistadorredloslagos.cl\/test\/wp-content\/uploads\/2025\/09\/img_100-3.jpg",1920,1080,false],"portraits":["https:\/\/elconquistadorredloslagos.cl\/test\/wp-content\/uploads\/2025\/09\/img_100-3.jpg",1920,1080,false],"thumbnail":["https:\/\/elconquistadorredloslagos.cl\/test\/wp-content\/uploads\/2025\/09\/img_100-3-150x150.jpg",150,150,true],"medium":["https:\/\/elconquistadorredloslagos.cl\/test\/wp-content\/uploads\/2025\/09\/img_100-3-300x169.jpg",300,169,true],"large":["https:\/\/elconquistadorredloslagos.cl\/test\/wp-content\/uploads\/2025\/09\/img_100-3-1024x576.jpg",1024,576,true],"1536x1536":["https:\/\/elconquistadorredloslagos.cl\/test\/wp-content\/uploads\/2025\/09\/img_100-3-1536x864.jpg",1536,864,true],"2048x2048":["https:\/\/elconquistadorredloslagos.cl\/test\/wp-content\/uploads\/2025\/09\/img_100-3.jpg",1920,1080,false]},"rttpg_author":{"display_name":"ccardenas","author_link":"https:\/\/elconquistadorredloslagos.cl\/test\/blog\/author\/ccardenas\/"},"rttpg_comment":0,"rttpg_category":"<a href=\"https:\/\/elconquistadorredloslagos.cl\/test\/blog\/category\/actual\/acontecer\/\" rel=\"category tag\">Acontecer<\/a> <a href=\"https:\/\/elconquistadorredloslagos.cl\/test\/blog\/category\/actual\/\" rel=\"category tag\">Actualidad<\/a> <a href=\"https:\/\/elconquistadorredloslagos.cl\/test\/blog\/category\/chile\/chiloe\/\" rel=\"category tag\">Chilo\u00e9<\/a> <a href=\"https:\/\/elconquistadorredloslagos.cl\/test\/blog\/category\/chile\/osorno\/\" rel=\"category tag\">Osorno<\/a> <a href=\"https:\/\/elconquistadorredloslagos.cl\/test\/blog\/category\/actual\/tecnologia\/\" rel=\"category tag\">Tecnologias<\/a>","rttpg_excerpt":"Puerto Montt fue el escenario de la inauguraci\u00f3n del Festival de Innovaci\u00f3n Los Lagos 2025, FILL, que se extender\u00e1 durante tres d\u00edas a Osorno y Castro. El encuentro busca transformar..","_links":{"self":[{"href":"https:\/\/elconquistadorredloslagos.cl\/test\/wp-json\/wp\/v2\/posts\/14009","targetHints":{"allow":["GET"]}}],"collection":[{"href":"https:\/\/elconquistadorredloslagos.cl\/test\/wp-json\/wp\/v2\/posts"}],"about":[{"href":"https:\/\/elconquistadorredloslagos.cl\/test\/wp-json\/wp\/v2\/types\/post"}],"author":[{"embeddable":true,"href":"https:\/\/elconquistadorredloslagos.cl\/test\/wp-json\/wp\/v2\/users\/2"}],"replies":[{"embeddable":true,"href":"https:\/\/elconquistadorredloslagos.cl\/test\/wp-json\/wp\/v2\/comments?post=14009"}],"version-history":[{"count":1,"href":"https:\/\/elconquistadorredloslagos.cl\/test\/wp-json\/wp\/v2\/posts\/14009\/revisions"}],"predecessor-version":[{"id":14011,"href":"https:\/\/elconquistadorredloslagos.cl\/test\/wp-json\/wp\/v2\/posts\/14009\/revisions\/14011"}],"wp:featuredmedia":[{"embeddable":true,"href":"https:\/\/elconquistadorredloslagos.cl\/test\/wp-json\/wp\/v2\/media\/14010"}],"wp:attachment":[{"href":"https:\/\/elconquistadorredloslagos.cl\/test\/wp-json\/wp\/v2\/media?parent=14009"}],"wp:term":[{"taxonomy":"category","embeddable":true,"href":"https:\/\/elconquistadorredloslagos.cl\/test\/wp-json\/wp\/v2\/categories?post=14009"},{"taxonomy":"post_tag","embeddable":true,"href":"https:\/\/elconquistadorredloslagos.cl\/test\/wp-json\/wp\/v2\/tags?post=14009"}],"curies":[{"name":"wp","href":"https:\/\/api.w.org\/{rel}","templated":true}]}}