{"id":13998,"date":"2025-09-10T11:12:31","date_gmt":"2025-09-10T14:12:31","guid":{"rendered":"https:\/\/elconquistadorredloslagos.cl\/test\/?p=13998"},"modified":"2025-09-10T11:12:31","modified_gmt":"2025-09-10T14:12:31","slug":"consternacion-en-ancud-por-inesperada-muerte-de-joven-madre-pdi-investiga-las-causas-del-deceso","status":"publish","type":"post","link":"https:\/\/elconquistadorredloslagos.cl\/test\/blog\/2025\/09\/10\/consternacion-en-ancud-por-inesperada-muerte-de-joven-madre-pdi-investiga-las-causas-del-deceso\/","title":{"rendered":"Consternaci\u00f3n en Ancud por inesperada muerte de joven madre: PDI investiga las causas del deceso"},"content":{"rendered":"\n<p>Gran impacto provoc\u00f3 en Ancud el fallecimiento de Deissy Melanny Kn\u00f6pke Kn\u00f6pke de 35 a\u00f1os, cuyo deceso es indagado por la Brigada de Homicidios de la PDI de Chilo\u00e9. La mujer, madre de dos hijos fue hallada sin vida la tarde del lunes en el ba\u00f1o de su vivienda en la poblaci\u00f3n Casamar, sector alto de la ciudad.<\/p>\n\n\n\n<p>La familia dio aviso inmediato a Carabineros de la Primera Comisar\u00eda local, lo que permiti\u00f3 iniciar las primeras diligencias y el resguardo del sitio del suceso. Testigos fueron empadronados mientras se aguardaba la llegada de los equipos especializados.<\/p>\n\n\n\n<p>La fiscal (s) Pilar Werner inform\u00f3 que, al conocerse la muerte, se instruy\u00f3 a la PDI esclarecer las causas y determinar si hubo intervenci\u00f3n de terceros. Peritos provenientes de Castro levantaron evidencias materiales, entrevistaron a cercanos y revisaron el domicilio. Adem\u00e1s, intentaron establecer los \u00faltimos movimientos de la emprendedora antes de su fallecimiento. De manera preliminar, la Fiscal\u00eda se\u00f1al\u00f3 que no existen indicios de participaci\u00f3n externa, aunque el resultado final depender\u00e1 de la autopsia del Servicio M\u00e9dico Legal y de los peritajes complementarios.<\/p>\n\n\n\n<figure class=\"wp-block-audio\"><audio controls src=\"https:\/\/elconquistadorredloslagos.cl\/test\/wp-content\/uploads\/2025\/09\/CUNA-FISCAL-ANCUD-1.mp3\"><\/audio><\/figure>\n\n\n\n<p>La noticia caus\u00f3 profundo pesar en la comunidad, que se volc\u00f3 a redes sociales para recordar a Deissy como una mujer fuerte, luchadora y solidaria. Amigos y vecinos la describieron como \u201cuna buena amiga y vecina\u201d. Sus restos est\u00e1n siendo velados en la Funeraria V\u00e1squez, en Pudeto.<\/p>\n\n\n\n<p>\ud83d\udcf7 Redes sociales<\/p>\n","protected":false},"excerpt":{"rendered":"<p>Gran impacto provoc\u00f3 en Ancud el fallecimiento de Deissy Melanny Kn\u00f6pke Kn\u00f6pke de 35 a\u00f1os, cuyo deceso es indagado por la Brigada de Homicidios de la PDI de Chilo\u00e9. La..<\/p>\n","protected":false},"author":2,"featured_media":14000,"comment_status":"closed","ping_status":"open","sticky":false,"template":"","format":"standard","meta":{"footnotes":""},"categories":[1,28,51],"tags":[],"class_list":["post-13998","post","type-post","status-publish","format-standard","has-post-thumbnail","hentry","category-acontecer","category-actual","category-chiloe"],"rttpg_featured_image_url":{"full":["https:\/\/elconquistadorredloslagos.cl\/test\/wp-content\/uploads\/2025\/09\/img_100-2.jpg",1920,1080,false],"landscape":["https:\/\/elconquistadorredloslagos.cl\/test\/wp-content\/uploads\/2025\/09\/img_100-2.jpg",1920,1080,false],"portraits":["https:\/\/elconquistadorredloslagos.cl\/test\/wp-content\/uploads\/2025\/09\/img_100-2.jpg",1920,1080,false],"thumbnail":["https:\/\/elconquistadorredloslagos.cl\/test\/wp-content\/uploads\/2025\/09\/img_100-2-150x150.jpg",150,150,true],"medium":["https:\/\/elconquistadorredloslagos.cl\/test\/wp-content\/uploads\/2025\/09\/img_100-2-300x169.jpg",300,169,true],"large":["https:\/\/elconquistadorredloslagos.cl\/test\/wp-content\/uploads\/2025\/09\/img_100-2-1024x576.jpg",1024,576,true],"1536x1536":["https:\/\/elconquistadorredloslagos.cl\/test\/wp-content\/uploads\/2025\/09\/img_100-2-1536x864.jpg",1536,864,true],"2048x2048":["https:\/\/elconquistadorredloslagos.cl\/test\/wp-content\/uploads\/2025\/09\/img_100-2.jpg",1920,1080,false]},"rttpg_author":{"display_name":"ccardenas","author_link":"https:\/\/elconquistadorredloslagos.cl\/test\/blog\/author\/ccardenas\/"},"rttpg_comment":0,"rttpg_category":"<a href=\"https:\/\/elconquistadorredloslagos.cl\/test\/blog\/category\/actual\/acontecer\/\" rel=\"category tag\">Acontecer<\/a> <a href=\"https:\/\/elconquistadorredloslagos.cl\/test\/blog\/category\/actual\/\" rel=\"category tag\">Actualidad<\/a> <a href=\"https:\/\/elconquistadorredloslagos.cl\/test\/blog\/category\/chile\/chiloe\/\" rel=\"category tag\">Chilo\u00e9<\/a>","rttpg_excerpt":"Gran impacto provoc\u00f3 en Ancud el fallecimiento de Deissy Melanny Kn\u00f6pke Kn\u00f6pke de 35 a\u00f1os, cuyo deceso es indagado por la Brigada de Homicidios de la PDI de Chilo\u00e9. La..","_links":{"self":[{"href":"https:\/\/elconquistadorredloslagos.cl\/test\/wp-json\/wp\/v2\/posts\/13998","targetHints":{"allow":["GET"]}}],"collection":[{"href":"https:\/\/elconquistadorredloslagos.cl\/test\/wp-json\/wp\/v2\/posts"}],"about":[{"href":"https:\/\/elconquistadorredloslagos.cl\/test\/wp-json\/wp\/v2\/types\/post"}],"author":[{"embeddable":true,"href":"https:\/\/elconquistadorredloslagos.cl\/test\/wp-json\/wp\/v2\/users\/2"}],"replies":[{"embeddable":true,"href":"https:\/\/elconquistadorredloslagos.cl\/test\/wp-json\/wp\/v2\/comments?post=13998"}],"version-history":[{"count":1,"href":"https:\/\/elconquistadorredloslagos.cl\/test\/wp-json\/wp\/v2\/posts\/13998\/revisions"}],"predecessor-version":[{"id":14001,"href":"https:\/\/elconquistadorredloslagos.cl\/test\/wp-json\/wp\/v2\/posts\/13998\/revisions\/14001"}],"wp:featuredmedia":[{"embeddable":true,"href":"https:\/\/elconquistadorredloslagos.cl\/test\/wp-json\/wp\/v2\/media\/14000"}],"wp:attachment":[{"href":"https:\/\/elconquistadorredloslagos.cl\/test\/wp-json\/wp\/v2\/media?parent=13998"}],"wp:term":[{"taxonomy":"category","embeddable":true,"href":"https:\/\/elconquistadorredloslagos.cl\/test\/wp-json\/wp\/v2\/categories?post=13998"},{"taxonomy":"post_tag","embeddable":true,"href":"https:\/\/elconquistadorredloslagos.cl\/test\/wp-json\/wp\/v2\/tags?post=13998"}],"curies":[{"name":"wp","href":"https:\/\/api.w.org\/{rel}","templated":true}]}}