{"id":13995,"date":"2025-09-10T10:46:50","date_gmt":"2025-09-10T13:46:50","guid":{"rendered":"https:\/\/elconquistadorredloslagos.cl\/test\/?p=13995"},"modified":"2025-09-10T10:46:51","modified_gmt":"2025-09-10T13:46:51","slug":"primer-debate-presidencial-televisado-reune-a-los-ocho-candidatos","status":"publish","type":"post","link":"https:\/\/elconquistadorredloslagos.cl\/test\/blog\/2025\/09\/10\/primer-debate-presidencial-televisado-reune-a-los-ocho-candidatos\/","title":{"rendered":"Primer debate presidencial televisado re\u00fane a los ocho candidatos"},"content":{"rendered":"\n<p>Esta noche, los ocho aspirantes a La Moneda protagonizar\u00e1n el primer debate presidencial de cara a las elecciones de noviembre. El encuentro ser\u00e1 transmitido por Chilevisi\u00f3n desde las 21.45 horas y estar\u00e1 moderado por Andrea Aristegui, Daniel Matamala y Daniela Pizarro.<\/p>\n\n\n\n<p>Los protagonistas del debate son Jeannette Jara, Jos\u00e9 Antonio Kast, Evelyn Matthei, Franco Parisi, Harold Mayne-Nicholls, Eduardo Art\u00e9s y Marco Enr\u00edquez-Ominami. La instancia se dividir\u00e1 en tres segmentos: primero, los moderadores realizar\u00e1n preguntas directas a cada candidato, con un tiempo de tres minutos por respuesta; luego, cada aspirante podr\u00e1 interpelar a dos de sus contendores, definidos previamente por sorteo; y finalmente, cada participante dispondr\u00e1 de un minuto para sus palabras de cierre.<\/p>\n\n\n\n<p>Este formato busca que los votantes conozcan de manera clara las propuestas, visiones y diferencias entre los candidatos, consolidando un espacio de di\u00e1logo pol\u00edtico televisado que promete marcar el inicio de la campa\u00f1a electoral.<\/p>\n\n\n\n<p>\ud83d\udcf7 Chilevisi\u00f3n<\/p>\n","protected":false},"excerpt":{"rendered":"<p>Esta noche, los ocho aspirantes a La Moneda protagonizar\u00e1n el primer debate presidencial de cara a las elecciones de noviembre. El encuentro ser\u00e1 transmitido por Chilevisi\u00f3n desde las 21.45 horas..<\/p>\n","protected":false},"author":2,"featured_media":13996,"comment_status":"closed","ping_status":"open","sticky":false,"template":"","format":"standard","meta":{"footnotes":""},"categories":[1,28,52,38],"tags":[],"class_list":["post-13995","post","type-post","status-publish","format-standard","has-post-thumbnail","hentry","category-acontecer","category-actual","category-chile","category-politica"],"rttpg_featured_image_url":{"full":["https:\/\/elconquistadorredloslagos.cl\/test\/wp-content\/uploads\/2025\/09\/img_100-1.jpg",1920,1080,false],"landscape":["https:\/\/elconquistadorredloslagos.cl\/test\/wp-content\/uploads\/2025\/09\/img_100-1.jpg",1920,1080,false],"portraits":["https:\/\/elconquistadorredloslagos.cl\/test\/wp-content\/uploads\/2025\/09\/img_100-1.jpg",1920,1080,false],"thumbnail":["https:\/\/elconquistadorredloslagos.cl\/test\/wp-content\/uploads\/2025\/09\/img_100-1-150x150.jpg",150,150,true],"medium":["https:\/\/elconquistadorredloslagos.cl\/test\/wp-content\/uploads\/2025\/09\/img_100-1-300x169.jpg",300,169,true],"large":["https:\/\/elconquistadorredloslagos.cl\/test\/wp-content\/uploads\/2025\/09\/img_100-1-1024x576.jpg",1024,576,true],"1536x1536":["https:\/\/elconquistadorredloslagos.cl\/test\/wp-content\/uploads\/2025\/09\/img_100-1-1536x864.jpg",1536,864,true],"2048x2048":["https:\/\/elconquistadorredloslagos.cl\/test\/wp-content\/uploads\/2025\/09\/img_100-1.jpg",1920,1080,false]},"rttpg_author":{"display_name":"ccardenas","author_link":"https:\/\/elconquistadorredloslagos.cl\/test\/blog\/author\/ccardenas\/"},"rttpg_comment":0,"rttpg_category":"<a href=\"https:\/\/elconquistadorredloslagos.cl\/test\/blog\/category\/actual\/acontecer\/\" rel=\"category tag\">Acontecer<\/a> <a href=\"https:\/\/elconquistadorredloslagos.cl\/test\/blog\/category\/actual\/\" rel=\"category tag\">Actualidad<\/a> <a href=\"https:\/\/elconquistadorredloslagos.cl\/test\/blog\/category\/chile\/\" rel=\"category tag\">Nacional<\/a> <a href=\"https:\/\/elconquistadorredloslagos.cl\/test\/blog\/category\/actual\/politica\/\" rel=\"category tag\">Politica<\/a>","rttpg_excerpt":"Esta noche, los ocho aspirantes a La Moneda protagonizar\u00e1n el primer debate presidencial de cara a las elecciones de noviembre. El encuentro ser\u00e1 transmitido por Chilevisi\u00f3n desde las 21.45 horas..","_links":{"self":[{"href":"https:\/\/elconquistadorredloslagos.cl\/test\/wp-json\/wp\/v2\/posts\/13995","targetHints":{"allow":["GET"]}}],"collection":[{"href":"https:\/\/elconquistadorredloslagos.cl\/test\/wp-json\/wp\/v2\/posts"}],"about":[{"href":"https:\/\/elconquistadorredloslagos.cl\/test\/wp-json\/wp\/v2\/types\/post"}],"author":[{"embeddable":true,"href":"https:\/\/elconquistadorredloslagos.cl\/test\/wp-json\/wp\/v2\/users\/2"}],"replies":[{"embeddable":true,"href":"https:\/\/elconquistadorredloslagos.cl\/test\/wp-json\/wp\/v2\/comments?post=13995"}],"version-history":[{"count":1,"href":"https:\/\/elconquistadorredloslagos.cl\/test\/wp-json\/wp\/v2\/posts\/13995\/revisions"}],"predecessor-version":[{"id":13997,"href":"https:\/\/elconquistadorredloslagos.cl\/test\/wp-json\/wp\/v2\/posts\/13995\/revisions\/13997"}],"wp:featuredmedia":[{"embeddable":true,"href":"https:\/\/elconquistadorredloslagos.cl\/test\/wp-json\/wp\/v2\/media\/13996"}],"wp:attachment":[{"href":"https:\/\/elconquistadorredloslagos.cl\/test\/wp-json\/wp\/v2\/media?parent=13995"}],"wp:term":[{"taxonomy":"category","embeddable":true,"href":"https:\/\/elconquistadorredloslagos.cl\/test\/wp-json\/wp\/v2\/categories?post=13995"},{"taxonomy":"post_tag","embeddable":true,"href":"https:\/\/elconquistadorredloslagos.cl\/test\/wp-json\/wp\/v2\/tags?post=13995"}],"curies":[{"name":"wp","href":"https:\/\/api.w.org\/{rel}","templated":true}]}}