{"id":13990,"date":"2025-09-10T10:42:56","date_gmt":"2025-09-10T13:42:56","guid":{"rendered":"https:\/\/elconquistadorredloslagos.cl\/test\/?p=13990"},"modified":"2025-09-10T10:42:57","modified_gmt":"2025-09-10T13:42:57","slug":"gore-los-lagos-congela-financiamiento-de-convenios-con-ministerios-por-incertidumbre-presupuestaria","status":"publish","type":"post","link":"https:\/\/elconquistadorredloslagos.cl\/test\/blog\/2025\/09\/10\/gore-los-lagos-congela-financiamiento-de-convenios-con-ministerios-por-incertidumbre-presupuestaria\/","title":{"rendered":"GORE Los Lagos congela financiamiento de convenios con ministerios por incertidumbre presupuestaria"},"content":{"rendered":"\n<p>El ministro de Hacienda, Nicol\u00e1s Grau, confirm\u00f3 que en 2026 habr\u00e1 una reducci\u00f3n de presupuesto para las gobernaciones regionales. En ese contexto, el Gobierno Regional de Los Lagos decidi\u00f3 congelar cuatro convenios con distintos ministerios, medida adoptada en la \u00faltima sesi\u00f3n plenaria del Consejo Regional, con el objetivo de resguardar las finanzas regionales ante la incertidumbre en la entrega de recursos por parte del nivel central.<\/p>\n\n\n\n<p>Los convenios suspendidos moment\u00e1neamente corresponden a:<\/p>\n\n\n\n<p><strong>-Servicio de transporte urbano mediante buses el\u00e9ctricos en Puerto Varas, del Ministerio de Transportes, por 3 mil 979 millones de pesos.<\/strong><\/p>\n\n\n\n<p><strong>-Programa de puentes menores modulares 2025-2030, del Ministerio de Obras P\u00fablicas, por 31 mil 161 millones de pesos.<\/strong><\/p>\n\n\n\n<p><strong>-Normalizaci\u00f3n y construcci\u00f3n de infraestructura para la red de asistencia en salud 2019-2026, del Ministerio de Salud, por 45 mil 664 millones de pesos.<\/strong><\/p>\n\n\n\n<p><strong>-Convenio \u201cCiudades m\u00e1s humanas\u201d, del Ministerio de Obras P\u00fablicas y Serviu, por 4 mil 694 millones de pesos.<\/strong><\/p>\n\n\n\n<p>En total, la suspensi\u00f3n implica un ahorro de 85 mil 498 millones de pesos para el Gobierno Regional, lo que permitir\u00e1 enfrentar el recorte presupuestario proyectado de 11,4% para 2026, que significar\u00e1 cerca de 12 mil millones de pesos menos para la regi\u00f3n el pr\u00f3ximo a\u00f1o, seg\u00fan lo informado por el Ministerio de Hacienda. A esto se suma la posible deuda flotante, que podr\u00eda alcanzar los 20.000 millones de pesos, debido a la falta de transferencias comprometidas desde el gobierno central.<\/p>\n\n\n\n<p>El Gobernador Regional, Alejandro Santana, aclar\u00f3 que esta medida no elimina los convenios, sino que suspende aquellos proyectos que a\u00fan no se han iniciado, hasta que exista una respuesta positiva respecto a los recursos pendientes que hagan posible su ejecuci\u00f3n.<\/p>\n\n\n\n<figure class=\"wp-block-audio\"><audio controls src=\"https:\/\/elconquistadorredloslagos.cl\/test\/wp-content\/uploads\/2025\/09\/CUNA-SANTANA-1-1.mp3\"><\/audio><\/figure>\n\n\n\n<p>Asimismo, reafirm\u00f3 su apoyo al financiamiento de obras desarrolladas y postuladas por los municipios de la regi\u00f3n, destacando que ninguno de los cuatro convenios estaba actualmente en ejecuci\u00f3n ni contaba con proyectos concretos en marcha.<\/p>\n\n\n\n<figure class=\"wp-block-audio\"><audio controls src=\"https:\/\/elconquistadorredloslagos.cl\/test\/wp-content\/uploads\/2025\/09\/CUNA-SANTANA-2-1.mp3\"><\/audio><\/figure>\n\n\n\n<p>En la sesi\u00f3n, la mayor\u00eda del Consejo Regional aprob\u00f3 la propuesta de suspender los convenios, con 12 votos a favor, 6 abstenciones y ning\u00fan rechazo.<\/p>\n","protected":false},"excerpt":{"rendered":"<p>El ministro de Hacienda, Nicol\u00e1s Grau, confirm\u00f3 que en 2026 habr\u00e1 una reducci\u00f3n de presupuesto para las gobernaciones regionales. En ese contexto, el Gobierno Regional de Los Lagos decidi\u00f3 congelar..<\/p>\n","protected":false},"author":2,"featured_media":13993,"comment_status":"closed","ping_status":"open","sticky":false,"template":"","format":"standard","meta":{"footnotes":""},"categories":[1,28,51,54,55,56],"tags":[],"class_list":["post-13990","post","type-post","status-publish","format-standard","has-post-thumbnail","hentry","category-acontecer","category-actual","category-chiloe","category-lago-llanquihue","category-osorno","category-puerto-montt"],"rttpg_featured_image_url":{"full":["https:\/\/elconquistadorredloslagos.cl\/test\/wp-content\/uploads\/2025\/09\/img_100.jpg",1920,1080,false],"landscape":["https:\/\/elconquistadorredloslagos.cl\/test\/wp-content\/uploads\/2025\/09\/img_100.jpg",1920,1080,false],"portraits":["https:\/\/elconquistadorredloslagos.cl\/test\/wp-content\/uploads\/2025\/09\/img_100.jpg",1920,1080,false],"thumbnail":["https:\/\/elconquistadorredloslagos.cl\/test\/wp-content\/uploads\/2025\/09\/img_100-150x150.jpg",150,150,true],"medium":["https:\/\/elconquistadorredloslagos.cl\/test\/wp-content\/uploads\/2025\/09\/img_100-300x169.jpg",300,169,true],"large":["https:\/\/elconquistadorredloslagos.cl\/test\/wp-content\/uploads\/2025\/09\/img_100-1024x576.jpg",1024,576,true],"1536x1536":["https:\/\/elconquistadorredloslagos.cl\/test\/wp-content\/uploads\/2025\/09\/img_100-1536x864.jpg",1536,864,true],"2048x2048":["https:\/\/elconquistadorredloslagos.cl\/test\/wp-content\/uploads\/2025\/09\/img_100.jpg",1920,1080,false]},"rttpg_author":{"display_name":"ccardenas","author_link":"https:\/\/elconquistadorredloslagos.cl\/test\/blog\/author\/ccardenas\/"},"rttpg_comment":0,"rttpg_category":"<a href=\"https:\/\/elconquistadorredloslagos.cl\/test\/blog\/category\/actual\/acontecer\/\" rel=\"category tag\">Acontecer<\/a> <a href=\"https:\/\/elconquistadorredloslagos.cl\/test\/blog\/category\/actual\/\" rel=\"category tag\">Actualidad<\/a> <a href=\"https:\/\/elconquistadorredloslagos.cl\/test\/blog\/category\/chile\/chiloe\/\" rel=\"category tag\">Chilo\u00e9<\/a> <a href=\"https:\/\/elconquistadorredloslagos.cl\/test\/blog\/category\/chile\/lago-llanquihue\/\" rel=\"category tag\">Lago LLanquihue<\/a> <a href=\"https:\/\/elconquistadorredloslagos.cl\/test\/blog\/category\/chile\/osorno\/\" rel=\"category tag\">Osorno<\/a> <a href=\"https:\/\/elconquistadorredloslagos.cl\/test\/blog\/category\/chile\/puerto-montt\/\" rel=\"category tag\">Puerto Montt<\/a>","rttpg_excerpt":"El ministro de Hacienda, Nicol\u00e1s Grau, confirm\u00f3 que en 2026 habr\u00e1 una reducci\u00f3n de presupuesto para las gobernaciones regionales. En ese contexto, el Gobierno Regional de Los Lagos decidi\u00f3 congelar..","_links":{"self":[{"href":"https:\/\/elconquistadorredloslagos.cl\/test\/wp-json\/wp\/v2\/posts\/13990","targetHints":{"allow":["GET"]}}],"collection":[{"href":"https:\/\/elconquistadorredloslagos.cl\/test\/wp-json\/wp\/v2\/posts"}],"about":[{"href":"https:\/\/elconquistadorredloslagos.cl\/test\/wp-json\/wp\/v2\/types\/post"}],"author":[{"embeddable":true,"href":"https:\/\/elconquistadorredloslagos.cl\/test\/wp-json\/wp\/v2\/users\/2"}],"replies":[{"embeddable":true,"href":"https:\/\/elconquistadorredloslagos.cl\/test\/wp-json\/wp\/v2\/comments?post=13990"}],"version-history":[{"count":1,"href":"https:\/\/elconquistadorredloslagos.cl\/test\/wp-json\/wp\/v2\/posts\/13990\/revisions"}],"predecessor-version":[{"id":13994,"href":"https:\/\/elconquistadorredloslagos.cl\/test\/wp-json\/wp\/v2\/posts\/13990\/revisions\/13994"}],"wp:featuredmedia":[{"embeddable":true,"href":"https:\/\/elconquistadorredloslagos.cl\/test\/wp-json\/wp\/v2\/media\/13993"}],"wp:attachment":[{"href":"https:\/\/elconquistadorredloslagos.cl\/test\/wp-json\/wp\/v2\/media?parent=13990"}],"wp:term":[{"taxonomy":"category","embeddable":true,"href":"https:\/\/elconquistadorredloslagos.cl\/test\/wp-json\/wp\/v2\/categories?post=13990"},{"taxonomy":"post_tag","embeddable":true,"href":"https:\/\/elconquistadorredloslagos.cl\/test\/wp-json\/wp\/v2\/tags?post=13990"}],"curies":[{"name":"wp","href":"https:\/\/api.w.org\/{rel}","templated":true}]}}