{"id":13939,"date":"2025-09-08T13:56:49","date_gmt":"2025-09-08T16:56:49","guid":{"rendered":"https:\/\/elconquistadorredloslagos.cl\/test\/?p=13939"},"modified":"2025-09-08T13:56:50","modified_gmt":"2025-09-08T16:56:50","slug":"tribunal-reabre-investigacion-contra-andrade-por-caso-democracia-viva","status":"publish","type":"post","link":"https:\/\/elconquistadorredloslagos.cl\/test\/blog\/2025\/09\/08\/tribunal-reabre-investigacion-contra-andrade-por-caso-democracia-viva\/","title":{"rendered":"Tribunal reabre investigaci\u00f3n contra Andrade por caso Democracia Viva"},"content":{"rendered":"\n<p>El Juzgado de Garant\u00eda de Antofagasta decidi\u00f3 reabrir por 45 d\u00edas la investigaci\u00f3n del caso Democracia Viva, centrado en las fundaciones Fibra, Tomarte y Fusupo. La medida fue solicitada por la defensa de Daniel Andrade, ingeniero civil y creador de la fundaci\u00f3n, tras alegar la aparici\u00f3n de un \u201checho nuevo\u201d en la audiencia de reformalizaci\u00f3n del 12 de agosto.<\/p>\n\n\n\n<p>Durante esa sesi\u00f3n, la Fiscal\u00eda comunic\u00f3 el cierre del proceso y pidi\u00f3 10 a\u00f1os de c\u00e1rcel para Andrade y la exdiputada Catalina P\u00e9rez, junto a otros exfuncionarios y exconcejales involucrados. La defensa argument\u00f3 que se vulner\u00f3 el debido proceso al agregarse nuevos hechos delictivos y cerrar la investigaci\u00f3n en la misma audiencia.<\/p>\n\n\n\n<p>Pese a la oposici\u00f3n del Ministerio P\u00fablico, que hab\u00eda presentado un recurso de reposici\u00f3n, el tribunal acogi\u00f3 la solicitud, autorizando la realizaci\u00f3n de diligencias adicionales. \u201cEl tribunal se percata de la afectaci\u00f3n al debido proceso y, a petici\u00f3n nuestra, reabre la investigaci\u00f3n y decreta las diligencias pertinentes\u201d, destac\u00f3 Karen Olazo, abogada de Andrade. El fiscal regional Juan Castro Bekios se\u00f1al\u00f3 que desconoc\u00eda la resoluci\u00f3n y no estaba en condiciones de pronunciarse.<\/p>\n","protected":false},"excerpt":{"rendered":"<p>El Juzgado de Garant\u00eda de Antofagasta decidi\u00f3 reabrir por 45 d\u00edas la investigaci\u00f3n del caso Democracia Viva, centrado en las fundaciones Fibra, Tomarte y Fusupo. La medida fue solicitada por..<\/p>\n","protected":false},"author":2,"featured_media":13940,"comment_status":"closed","ping_status":"open","sticky":false,"template":"","format":"standard","meta":{"footnotes":""},"categories":[28],"tags":[],"class_list":["post-13939","post","type-post","status-publish","format-standard","has-post-thumbnail","hentry","category-actual"],"rttpg_featured_image_url":{"full":["https:\/\/elconquistadorredloslagos.cl\/test\/wp-content\/uploads\/2025\/09\/IMG_101-7.jpg",1920,1080,false],"landscape":["https:\/\/elconquistadorredloslagos.cl\/test\/wp-content\/uploads\/2025\/09\/IMG_101-7.jpg",1920,1080,false],"portraits":["https:\/\/elconquistadorredloslagos.cl\/test\/wp-content\/uploads\/2025\/09\/IMG_101-7.jpg",1920,1080,false],"thumbnail":["https:\/\/elconquistadorredloslagos.cl\/test\/wp-content\/uploads\/2025\/09\/IMG_101-7-150x150.jpg",150,150,true],"medium":["https:\/\/elconquistadorredloslagos.cl\/test\/wp-content\/uploads\/2025\/09\/IMG_101-7-300x169.jpg",300,169,true],"large":["https:\/\/elconquistadorredloslagos.cl\/test\/wp-content\/uploads\/2025\/09\/IMG_101-7-1024x576.jpg",1024,576,true],"1536x1536":["https:\/\/elconquistadorredloslagos.cl\/test\/wp-content\/uploads\/2025\/09\/IMG_101-7-1536x864.jpg",1536,864,true],"2048x2048":["https:\/\/elconquistadorredloslagos.cl\/test\/wp-content\/uploads\/2025\/09\/IMG_101-7.jpg",1920,1080,false]},"rttpg_author":{"display_name":"ccardenas","author_link":"https:\/\/elconquistadorredloslagos.cl\/test\/blog\/author\/ccardenas\/"},"rttpg_comment":0,"rttpg_category":"<a href=\"https:\/\/elconquistadorredloslagos.cl\/test\/blog\/category\/actual\/\" rel=\"category tag\">Actualidad<\/a>","rttpg_excerpt":"El Juzgado de Garant\u00eda de Antofagasta decidi\u00f3 reabrir por 45 d\u00edas la investigaci\u00f3n del caso Democracia Viva, centrado en las fundaciones Fibra, Tomarte y Fusupo. La medida fue solicitada por..","_links":{"self":[{"href":"https:\/\/elconquistadorredloslagos.cl\/test\/wp-json\/wp\/v2\/posts\/13939","targetHints":{"allow":["GET"]}}],"collection":[{"href":"https:\/\/elconquistadorredloslagos.cl\/test\/wp-json\/wp\/v2\/posts"}],"about":[{"href":"https:\/\/elconquistadorredloslagos.cl\/test\/wp-json\/wp\/v2\/types\/post"}],"author":[{"embeddable":true,"href":"https:\/\/elconquistadorredloslagos.cl\/test\/wp-json\/wp\/v2\/users\/2"}],"replies":[{"embeddable":true,"href":"https:\/\/elconquistadorredloslagos.cl\/test\/wp-json\/wp\/v2\/comments?post=13939"}],"version-history":[{"count":1,"href":"https:\/\/elconquistadorredloslagos.cl\/test\/wp-json\/wp\/v2\/posts\/13939\/revisions"}],"predecessor-version":[{"id":13941,"href":"https:\/\/elconquistadorredloslagos.cl\/test\/wp-json\/wp\/v2\/posts\/13939\/revisions\/13941"}],"wp:featuredmedia":[{"embeddable":true,"href":"https:\/\/elconquistadorredloslagos.cl\/test\/wp-json\/wp\/v2\/media\/13940"}],"wp:attachment":[{"href":"https:\/\/elconquistadorredloslagos.cl\/test\/wp-json\/wp\/v2\/media?parent=13939"}],"wp:term":[{"taxonomy":"category","embeddable":true,"href":"https:\/\/elconquistadorredloslagos.cl\/test\/wp-json\/wp\/v2\/categories?post=13939"},{"taxonomy":"post_tag","embeddable":true,"href":"https:\/\/elconquistadorredloslagos.cl\/test\/wp-json\/wp\/v2\/tags?post=13939"}],"curies":[{"name":"wp","href":"https:\/\/api.w.org\/{rel}","templated":true}]}}