{"id":13936,"date":"2025-09-08T13:50:26","date_gmt":"2025-09-08T16:50:26","guid":{"rendered":"https:\/\/elconquistadorredloslagos.cl\/test\/?p=13936"},"modified":"2025-09-08T13:50:26","modified_gmt":"2025-09-08T16:50:26","slug":"horario-estival-comienza-a-regir-en-paso-cardenal-samore","status":"publish","type":"post","link":"https:\/\/elconquistadorredloslagos.cl\/test\/blog\/2025\/09\/08\/horario-estival-comienza-a-regir-en-paso-cardenal-samore\/","title":{"rendered":"Horario estival comienza a regir en paso Cardenal Samor\u00e9"},"content":{"rendered":"\n<p>Desde este domingo 7 de septiembre, Chile inici\u00f3 el horario estival, adelantando los relojes en 60 minutos, dando inicio a la temporada de verano. Con ello, los horarios de atenci\u00f3n en los pasos fronterizos del pa\u00eds tambi\u00e9n se modifican.<\/p>\n\n\n\n<p>La Unidad de Pasos Fronterizos inform\u00f3 que el complejo internacional Cardenal Samor\u00e9 atender\u00e1 de 08.00 a 19.00, horario v\u00e1lido tanto en Chile como en Argentina. Este lunes 8 de septiembre, el paso se encuentra habilitado para todo tipo de veh\u00edculos, aunque se llama a conducir con precauci\u00f3n.<\/p>\n\n\n\n<p>El nuevo horario se mantendr\u00e1 vigente hasta el 4 de abril de 2026, afectando a todos los viajeros que crucen por esta ruta internacional. Las autoridades recuerdan planificar los viajes y respetar los tiempos de atenci\u00f3n para evitar contratiempos.<\/p>\n\n\n\n<p>\ud83d\udcf7 Referencial<\/p>\n","protected":false},"excerpt":{"rendered":"<p>Desde este domingo 7 de septiembre, Chile inici\u00f3 el horario estival, adelantando los relojes en 60 minutos, dando inicio a la temporada de verano. Con ello, los horarios de atenci\u00f3n..<\/p>\n","protected":false},"author":2,"featured_media":13937,"comment_status":"closed","ping_status":"open","sticky":false,"template":"","format":"standard","meta":{"footnotes":""},"categories":[1,28,53,52,55],"tags":[],"class_list":["post-13936","post","type-post","status-publish","format-standard","has-post-thumbnail","hentry","category-acontecer","category-actual","category-mundo","category-chile","category-osorno"],"rttpg_featured_image_url":{"full":["https:\/\/elconquistadorredloslagos.cl\/test\/wp-content\/uploads\/2025\/09\/IMG_101-6.jpg",1920,1080,false],"landscape":["https:\/\/elconquistadorredloslagos.cl\/test\/wp-content\/uploads\/2025\/09\/IMG_101-6.jpg",1920,1080,false],"portraits":["https:\/\/elconquistadorredloslagos.cl\/test\/wp-content\/uploads\/2025\/09\/IMG_101-6.jpg",1920,1080,false],"thumbnail":["https:\/\/elconquistadorredloslagos.cl\/test\/wp-content\/uploads\/2025\/09\/IMG_101-6-150x150.jpg",150,150,true],"medium":["https:\/\/elconquistadorredloslagos.cl\/test\/wp-content\/uploads\/2025\/09\/IMG_101-6-300x169.jpg",300,169,true],"large":["https:\/\/elconquistadorredloslagos.cl\/test\/wp-content\/uploads\/2025\/09\/IMG_101-6-1024x576.jpg",1024,576,true],"1536x1536":["https:\/\/elconquistadorredloslagos.cl\/test\/wp-content\/uploads\/2025\/09\/IMG_101-6-1536x864.jpg",1536,864,true],"2048x2048":["https:\/\/elconquistadorredloslagos.cl\/test\/wp-content\/uploads\/2025\/09\/IMG_101-6.jpg",1920,1080,false]},"rttpg_author":{"display_name":"ccardenas","author_link":"https:\/\/elconquistadorredloslagos.cl\/test\/blog\/author\/ccardenas\/"},"rttpg_comment":0,"rttpg_category":"<a href=\"https:\/\/elconquistadorredloslagos.cl\/test\/blog\/category\/actual\/acontecer\/\" rel=\"category tag\">Acontecer<\/a> <a href=\"https:\/\/elconquistadorredloslagos.cl\/test\/blog\/category\/actual\/\" rel=\"category tag\">Actualidad<\/a> <a href=\"https:\/\/elconquistadorredloslagos.cl\/test\/blog\/category\/mundo\/\" rel=\"category tag\">Internacional<\/a> <a href=\"https:\/\/elconquistadorredloslagos.cl\/test\/blog\/category\/chile\/\" rel=\"category tag\">Nacional<\/a> <a href=\"https:\/\/elconquistadorredloslagos.cl\/test\/blog\/category\/chile\/osorno\/\" rel=\"category tag\">Osorno<\/a>","rttpg_excerpt":"Desde este domingo 7 de septiembre, Chile inici\u00f3 el horario estival, adelantando los relojes en 60 minutos, dando inicio a la temporada de verano. Con ello, los horarios de atenci\u00f3n..","_links":{"self":[{"href":"https:\/\/elconquistadorredloslagos.cl\/test\/wp-json\/wp\/v2\/posts\/13936","targetHints":{"allow":["GET"]}}],"collection":[{"href":"https:\/\/elconquistadorredloslagos.cl\/test\/wp-json\/wp\/v2\/posts"}],"about":[{"href":"https:\/\/elconquistadorredloslagos.cl\/test\/wp-json\/wp\/v2\/types\/post"}],"author":[{"embeddable":true,"href":"https:\/\/elconquistadorredloslagos.cl\/test\/wp-json\/wp\/v2\/users\/2"}],"replies":[{"embeddable":true,"href":"https:\/\/elconquistadorredloslagos.cl\/test\/wp-json\/wp\/v2\/comments?post=13936"}],"version-history":[{"count":1,"href":"https:\/\/elconquistadorredloslagos.cl\/test\/wp-json\/wp\/v2\/posts\/13936\/revisions"}],"predecessor-version":[{"id":13938,"href":"https:\/\/elconquistadorredloslagos.cl\/test\/wp-json\/wp\/v2\/posts\/13936\/revisions\/13938"}],"wp:featuredmedia":[{"embeddable":true,"href":"https:\/\/elconquistadorredloslagos.cl\/test\/wp-json\/wp\/v2\/media\/13937"}],"wp:attachment":[{"href":"https:\/\/elconquistadorredloslagos.cl\/test\/wp-json\/wp\/v2\/media?parent=13936"}],"wp:term":[{"taxonomy":"category","embeddable":true,"href":"https:\/\/elconquistadorredloslagos.cl\/test\/wp-json\/wp\/v2\/categories?post=13936"},{"taxonomy":"post_tag","embeddable":true,"href":"https:\/\/elconquistadorredloslagos.cl\/test\/wp-json\/wp\/v2\/tags?post=13936"}],"curies":[{"name":"wp","href":"https:\/\/api.w.org\/{rel}","templated":true}]}}