{"id":13924,"date":"2025-09-08T13:39:55","date_gmt":"2025-09-08T16:39:55","guid":{"rendered":"https:\/\/elconquistadorredloslagos.cl\/test\/?p=13924"},"modified":"2025-09-08T13:39:56","modified_gmt":"2025-09-08T16:39:56","slug":"gobernador-santana-pide-respaldo-de-parlamentarios-para-evitar-recorte-y-deuda-regional","status":"publish","type":"post","link":"https:\/\/elconquistadorredloslagos.cl\/test\/blog\/2025\/09\/08\/gobernador-santana-pide-respaldo-de-parlamentarios-para-evitar-recorte-y-deuda-regional\/","title":{"rendered":"Gobernador Santana pide respaldo de parlamentarios para evitar recorte y deuda regional"},"content":{"rendered":"\n<p>El Gobernador Regional de Los Lagos, Alejandro Santana, encabez\u00f3 recientemente una reuni\u00f3n clave con parlamentarios y consejeros regionales para exponer la cr\u00edtica situaci\u00f3n financiera que enfrenta la regi\u00f3n. La cita abord\u00f3 la proyecci\u00f3n de una deuda flotante cercana a los $20.000 millones a fines de 2025 y la intenci\u00f3n del Ejecutivo de aplicar un recorte presupuestario de casi un 10% en 2026, lo que impactar\u00eda directamente en la ejecuci\u00f3n de proyectos estrat\u00e9gicos y sociales.<\/p>\n\n\n\n<p>El gobernador destac\u00f3 la necesidad de enfrentar el escenario con unidad.<\/p>\n\n\n\n<figure class=\"wp-block-audio\"><audio controls src=\"https:\/\/elconquistadorredloslagos.cl\/test\/wp-content\/uploads\/2025\/09\/CUNA-SANTANA-3.mp3\"><\/audio><\/figure>\n\n\n\n<p>El senador Iv\u00e1n Moreira fue categ\u00f3rico: \u201cSi el gobierno no entrega estos 20.000 millones, el Consejo Regional no podr\u00e1 aprobar proyectos\u201d.<\/p>\n\n\n\n<figure class=\"wp-block-audio\"><audio controls src=\"https:\/\/elconquistadorredloslagos.cl\/test\/wp-content\/uploads\/2025\/09\/CUNA-MOREIRA.mp3\"><\/audio><\/figure>\n\n\n\n<p>En tanto, la diputada Emilia Nuyado valor\u00f3 la convocatoria.<\/p>\n\n\n\n<figure class=\"wp-block-audio\"><audio controls src=\"https:\/\/elconquistadorredloslagos.cl\/test\/wp-content\/uploads\/2025\/09\/CUNA-DIPUTADA-NUYADO.mp3\"><\/audio><\/figure>\n\n\n\n<p>Desde el Consejo Regional tambi\u00e9n se subray\u00f3 la urgencia de asegurar la ejecuci\u00f3n presupuestaria. As\u00ed lo manifest\u00f3 el CORE de Osorno, Francisco Reyes.<\/p>\n\n\n\n<figure class=\"wp-block-audio\"><audio controls src=\"https:\/\/elconquistadorredloslagos.cl\/test\/wp-content\/uploads\/2025\/09\/CUNA-CORE-REYES.mp3\"><\/audio><\/figure>\n\n\n\n<p>Por su parte, la consejera Yasna V\u00e1squez, presidenta de la Comisi\u00f3n de Hacienda, advirti\u00f3 que la ejecuci\u00f3n 2025 podr\u00eda llegar al 98 o 99%.<\/p>\n\n\n\n<figure class=\"wp-block-audio\"><audio controls src=\"https:\/\/elconquistadorredloslagos.cl\/test\/wp-content\/uploads\/2025\/09\/CUNA-YASNA-VASQUEZ.mp3\"><\/audio><\/figure>\n\n\n\n<p>La reuni\u00f3n dej\u00f3 de manifiesto un consenso transversal: la necesidad urgente de evitar la disminuci\u00f3n del presupuesto regional y garantizar recursos para que no se frenen proyectos estrat\u00e9gicos y sociales en la Regi\u00f3n de Los Lagos.<\/p>\n\n\n\n<p>\ud83d\udcf7 GORE Los Lagos<\/p>\n","protected":false},"excerpt":{"rendered":"<p>El Gobernador Regional de Los Lagos, Alejandro Santana, encabez\u00f3 recientemente una reuni\u00f3n clave con parlamentarios y consejeros regionales para exponer la cr\u00edtica situaci\u00f3n financiera que enfrenta la regi\u00f3n. La cita..<\/p>\n","protected":false},"author":2,"featured_media":13930,"comment_status":"closed","ping_status":"open","sticky":false,"template":"","format":"standard","meta":{"footnotes":""},"categories":[1,28,51,54,55,38,56],"tags":[],"class_list":["post-13924","post","type-post","status-publish","format-standard","has-post-thumbnail","hentry","category-acontecer","category-actual","category-chiloe","category-lago-llanquihue","category-osorno","category-politica","category-puerto-montt"],"rttpg_featured_image_url":{"full":["https:\/\/elconquistadorredloslagos.cl\/test\/wp-content\/uploads\/2025\/09\/IMG_101-4.jpg",1920,1080,false],"landscape":["https:\/\/elconquistadorredloslagos.cl\/test\/wp-content\/uploads\/2025\/09\/IMG_101-4.jpg",1920,1080,false],"portraits":["https:\/\/elconquistadorredloslagos.cl\/test\/wp-content\/uploads\/2025\/09\/IMG_101-4.jpg",1920,1080,false],"thumbnail":["https:\/\/elconquistadorredloslagos.cl\/test\/wp-content\/uploads\/2025\/09\/IMG_101-4-150x150.jpg",150,150,true],"medium":["https:\/\/elconquistadorredloslagos.cl\/test\/wp-content\/uploads\/2025\/09\/IMG_101-4-300x169.jpg",300,169,true],"large":["https:\/\/elconquistadorredloslagos.cl\/test\/wp-content\/uploads\/2025\/09\/IMG_101-4-1024x576.jpg",1024,576,true],"1536x1536":["https:\/\/elconquistadorredloslagos.cl\/test\/wp-content\/uploads\/2025\/09\/IMG_101-4-1536x864.jpg",1536,864,true],"2048x2048":["https:\/\/elconquistadorredloslagos.cl\/test\/wp-content\/uploads\/2025\/09\/IMG_101-4.jpg",1920,1080,false]},"rttpg_author":{"display_name":"ccardenas","author_link":"https:\/\/elconquistadorredloslagos.cl\/test\/blog\/author\/ccardenas\/"},"rttpg_comment":0,"rttpg_category":"<a href=\"https:\/\/elconquistadorredloslagos.cl\/test\/blog\/category\/actual\/acontecer\/\" rel=\"category tag\">Acontecer<\/a> <a href=\"https:\/\/elconquistadorredloslagos.cl\/test\/blog\/category\/actual\/\" rel=\"category tag\">Actualidad<\/a> <a href=\"https:\/\/elconquistadorredloslagos.cl\/test\/blog\/category\/chile\/chiloe\/\" rel=\"category tag\">Chilo\u00e9<\/a> <a href=\"https:\/\/elconquistadorredloslagos.cl\/test\/blog\/category\/chile\/lago-llanquihue\/\" rel=\"category tag\">Lago LLanquihue<\/a> <a href=\"https:\/\/elconquistadorredloslagos.cl\/test\/blog\/category\/chile\/osorno\/\" rel=\"category tag\">Osorno<\/a> <a href=\"https:\/\/elconquistadorredloslagos.cl\/test\/blog\/category\/actual\/politica\/\" rel=\"category tag\">Politica<\/a> <a href=\"https:\/\/elconquistadorredloslagos.cl\/test\/blog\/category\/chile\/puerto-montt\/\" rel=\"category tag\">Puerto Montt<\/a>","rttpg_excerpt":"El Gobernador Regional de Los Lagos, Alejandro Santana, encabez\u00f3 recientemente una reuni\u00f3n clave con parlamentarios y consejeros regionales para exponer la cr\u00edtica situaci\u00f3n financiera que enfrenta la regi\u00f3n. La cita..","_links":{"self":[{"href":"https:\/\/elconquistadorredloslagos.cl\/test\/wp-json\/wp\/v2\/posts\/13924","targetHints":{"allow":["GET"]}}],"collection":[{"href":"https:\/\/elconquistadorredloslagos.cl\/test\/wp-json\/wp\/v2\/posts"}],"about":[{"href":"https:\/\/elconquistadorredloslagos.cl\/test\/wp-json\/wp\/v2\/types\/post"}],"author":[{"embeddable":true,"href":"https:\/\/elconquistadorredloslagos.cl\/test\/wp-json\/wp\/v2\/users\/2"}],"replies":[{"embeddable":true,"href":"https:\/\/elconquistadorredloslagos.cl\/test\/wp-json\/wp\/v2\/comments?post=13924"}],"version-history":[{"count":1,"href":"https:\/\/elconquistadorredloslagos.cl\/test\/wp-json\/wp\/v2\/posts\/13924\/revisions"}],"predecessor-version":[{"id":13931,"href":"https:\/\/elconquistadorredloslagos.cl\/test\/wp-json\/wp\/v2\/posts\/13924\/revisions\/13931"}],"wp:featuredmedia":[{"embeddable":true,"href":"https:\/\/elconquistadorredloslagos.cl\/test\/wp-json\/wp\/v2\/media\/13930"}],"wp:attachment":[{"href":"https:\/\/elconquistadorredloslagos.cl\/test\/wp-json\/wp\/v2\/media?parent=13924"}],"wp:term":[{"taxonomy":"category","embeddable":true,"href":"https:\/\/elconquistadorredloslagos.cl\/test\/wp-json\/wp\/v2\/categories?post=13924"},{"taxonomy":"post_tag","embeddable":true,"href":"https:\/\/elconquistadorredloslagos.cl\/test\/wp-json\/wp\/v2\/tags?post=13924"}],"curies":[{"name":"wp","href":"https:\/\/api.w.org\/{rel}","templated":true}]}}