{"id":13921,"date":"2025-09-08T13:32:47","date_gmt":"2025-09-08T16:32:47","guid":{"rendered":"https:\/\/elconquistadorredloslagos.cl\/test\/?p=13921"},"modified":"2025-09-08T13:32:48","modified_gmt":"2025-09-08T16:32:48","slug":"declaran-alerta-temprana-preventiva-en-los-lagos-por-sistema-frontal-con-viento-y-lluvias","status":"publish","type":"post","link":"https:\/\/elconquistadorredloslagos.cl\/test\/blog\/2025\/09\/08\/declaran-alerta-temprana-preventiva-en-los-lagos-por-sistema-frontal-con-viento-y-lluvias\/","title":{"rendered":"Declaran alerta temprana preventiva en Los Lagos por sistema frontal con viento y lluvias"},"content":{"rendered":"\n<p>La Direcci\u00f3n Regional del Servicio Nacional de Prevenci\u00f3n y Respuesta ante Desastres (SENAPRED) decret\u00f3 Alerta Temprana Preventiva en toda la regi\u00f3n de Los Lagos ante el pron\u00f3stico de un nuevo evento meteorol\u00f3gico. La medida, que comenz\u00f3 a regir el 6 de septiembre, se mantendr\u00e1 vigente mientras persistan las condiciones de riesgo.<\/p>\n\n\n\n<p>De acuerdo con la Direcci\u00f3n Meteorol\u00f3gica de Chile, se esperan vientos de intensidad normal a moderada desde la noche del lunes 8 hasta la ma\u00f1ana del martes 9 de septiembre, con rachas que podr\u00edan alcanzar los 80 kil\u00f3metros a la hora en sectores de litoral, cordillera de la Costa, Chilo\u00e9 y litoral interior. A ello se suma el aviso de precipitaciones de car\u00e1cter normal a moderado en la precordillera, cordillera y cordillera austral entre la madrugada del martes 9 y la del mi\u00e9rcoles 10.<\/p>\n\n\n\n<p>El pron\u00f3stico indica acumulados de hasta 70 mil\u00edmetros de agua en la cordillera y cordillera austral, adem\u00e1s de 20 a 35 mil\u00edmetros en sectores de litoral y cordillera de la Costa. La isoterma cero se ubicar\u00e1 en torno a los 1.200 a 1.800 metros, lo que eleva el riesgo de desbordes y arrastre de sedimentos en cauces.<\/p>\n\n\n\n<p>SENAPRED llam\u00f3 a los municipios, servicios p\u00fablicos y equipos de emergencia a activar planes de contingencia, monitorear puntos cr\u00edticos y revisar albergues. Asimismo, recomend\u00f3 a la poblaci\u00f3n asegurar techumbres y objetos expuestos, evitar excursiones y mantener medidas de autocuidado frente a eventuales cortes de energ\u00eda, ca\u00eddas de \u00e1rboles y problemas de conectividad.<\/p>\n\n\n\n<p>\ud83d\udcf7 Contexto<\/p>\n","protected":false},"excerpt":{"rendered":"<p>La Direcci\u00f3n Regional del Servicio Nacional de Prevenci\u00f3n y Respuesta ante Desastres (SENAPRED) decret\u00f3 Alerta Temprana Preventiva en toda la regi\u00f3n de Los Lagos ante el pron\u00f3stico de un nuevo..<\/p>\n","protected":false},"author":2,"featured_media":13922,"comment_status":"closed","ping_status":"open","sticky":false,"template":"","format":"standard","meta":{"footnotes":""},"categories":[1,28,51],"tags":[],"class_list":["post-13921","post","type-post","status-publish","format-standard","has-post-thumbnail","hentry","category-acontecer","category-actual","category-chiloe"],"rttpg_featured_image_url":{"full":["https:\/\/elconquistadorredloslagos.cl\/test\/wp-content\/uploads\/2025\/09\/IMG_101-3.jpg",1920,1080,false],"landscape":["https:\/\/elconquistadorredloslagos.cl\/test\/wp-content\/uploads\/2025\/09\/IMG_101-3.jpg",1920,1080,false],"portraits":["https:\/\/elconquistadorredloslagos.cl\/test\/wp-content\/uploads\/2025\/09\/IMG_101-3.jpg",1920,1080,false],"thumbnail":["https:\/\/elconquistadorredloslagos.cl\/test\/wp-content\/uploads\/2025\/09\/IMG_101-3-150x150.jpg",150,150,true],"medium":["https:\/\/elconquistadorredloslagos.cl\/test\/wp-content\/uploads\/2025\/09\/IMG_101-3-300x169.jpg",300,169,true],"large":["https:\/\/elconquistadorredloslagos.cl\/test\/wp-content\/uploads\/2025\/09\/IMG_101-3-1024x576.jpg",1024,576,true],"1536x1536":["https:\/\/elconquistadorredloslagos.cl\/test\/wp-content\/uploads\/2025\/09\/IMG_101-3-1536x864.jpg",1536,864,true],"2048x2048":["https:\/\/elconquistadorredloslagos.cl\/test\/wp-content\/uploads\/2025\/09\/IMG_101-3.jpg",1920,1080,false]},"rttpg_author":{"display_name":"ccardenas","author_link":"https:\/\/elconquistadorredloslagos.cl\/test\/blog\/author\/ccardenas\/"},"rttpg_comment":0,"rttpg_category":"<a href=\"https:\/\/elconquistadorredloslagos.cl\/test\/blog\/category\/actual\/acontecer\/\" rel=\"category tag\">Acontecer<\/a> <a href=\"https:\/\/elconquistadorredloslagos.cl\/test\/blog\/category\/actual\/\" rel=\"category tag\">Actualidad<\/a> <a href=\"https:\/\/elconquistadorredloslagos.cl\/test\/blog\/category\/chile\/chiloe\/\" rel=\"category tag\">Chilo\u00e9<\/a>","rttpg_excerpt":"La Direcci\u00f3n Regional del Servicio Nacional de Prevenci\u00f3n y Respuesta ante Desastres (SENAPRED) decret\u00f3 Alerta Temprana Preventiva en toda la regi\u00f3n de Los Lagos ante el pron\u00f3stico de un nuevo..","_links":{"self":[{"href":"https:\/\/elconquistadorredloslagos.cl\/test\/wp-json\/wp\/v2\/posts\/13921","targetHints":{"allow":["GET"]}}],"collection":[{"href":"https:\/\/elconquistadorredloslagos.cl\/test\/wp-json\/wp\/v2\/posts"}],"about":[{"href":"https:\/\/elconquistadorredloslagos.cl\/test\/wp-json\/wp\/v2\/types\/post"}],"author":[{"embeddable":true,"href":"https:\/\/elconquistadorredloslagos.cl\/test\/wp-json\/wp\/v2\/users\/2"}],"replies":[{"embeddable":true,"href":"https:\/\/elconquistadorredloslagos.cl\/test\/wp-json\/wp\/v2\/comments?post=13921"}],"version-history":[{"count":1,"href":"https:\/\/elconquistadorredloslagos.cl\/test\/wp-json\/wp\/v2\/posts\/13921\/revisions"}],"predecessor-version":[{"id":13923,"href":"https:\/\/elconquistadorredloslagos.cl\/test\/wp-json\/wp\/v2\/posts\/13921\/revisions\/13923"}],"wp:featuredmedia":[{"embeddable":true,"href":"https:\/\/elconquistadorredloslagos.cl\/test\/wp-json\/wp\/v2\/media\/13922"}],"wp:attachment":[{"href":"https:\/\/elconquistadorredloslagos.cl\/test\/wp-json\/wp\/v2\/media?parent=13921"}],"wp:term":[{"taxonomy":"category","embeddable":true,"href":"https:\/\/elconquistadorredloslagos.cl\/test\/wp-json\/wp\/v2\/categories?post=13921"},{"taxonomy":"post_tag","embeddable":true,"href":"https:\/\/elconquistadorredloslagos.cl\/test\/wp-json\/wp\/v2\/tags?post=13921"}],"curies":[{"name":"wp","href":"https:\/\/api.w.org\/{rel}","templated":true}]}}