{"id":13913,"date":"2025-09-08T13:22:37","date_gmt":"2025-09-08T16:22:37","guid":{"rendered":"https:\/\/elconquistadorredloslagos.cl\/test\/?p=13913"},"modified":"2025-09-08T13:22:38","modified_gmt":"2025-09-08T16:22:38","slug":"chiloe-slep-comienza-proceso-de-despido-a-funcionarios-que-usaron-licencias-para-viajar-fuera-del-pais","status":"publish","type":"post","link":"https:\/\/elconquistadorredloslagos.cl\/test\/blog\/2025\/09\/08\/chiloe-slep-comienza-proceso-de-despido-a-funcionarios-que-usaron-licencias-para-viajar-fuera-del-pais\/","title":{"rendered":"Chilo\u00e9: SLEP comienza proceso de despido a funcionarios que usaron licencias para viajar fuera del pa\u00eds"},"content":{"rendered":"\n<p>M\u00e1s de tres meses han pasado desde que la Contralor\u00eda revelara un informe que sacudi\u00f3 a la provincia de Chilo\u00e9: cerca de 450 funcionarios p\u00fablicos salieron del pa\u00eds mientras se encontraban con licencia m\u00e9dica. El hallazgo gener\u00f3 procesos disciplinarios y abri\u00f3 la puerta a eventuales desvinculaciones.<\/p>\n\n\n\n<p>La investigaci\u00f3n detect\u00f3 448 casos en municipios, corporaciones municipales y en el Servicio de Salud Chilo\u00e9. El Servicio Local de Educaci\u00f3n P\u00fablica (SLEP) de la provincia confirm\u00f3 que ya trabaja en las medidas correspondientes. Daniela V\u00e1squez, abogada del organismo, precis\u00f3 que se est\u00e1n evaluando caso a caso siguiendo las instrucciones de la Contralor\u00eda General.<\/p>\n\n\n\n<figure class=\"wp-block-audio\"><audio controls src=\"https:\/\/elconquistadorredloslagos.cl\/test\/wp-content\/uploads\/2025\/09\/CUNA-SLEP-CHILOE.mp3\"><\/audio><\/figure>\n\n\n\n<p>Los municipios auditados fueron los 10 de la provincia. En Castro se verific\u00f3 el mayor n\u00famero de licencias m\u00e9dicas con viajes al extranjero, alcanzando 123 casos; le siguieron Quell\u00f3n con 77, Chonchi con 51, y la Corporaci\u00f3n Municipal de Dalcahue con 50. Tambi\u00e9n se registraron 41 en Ancud, 17 en Curaco de V\u00e9lez, 13 en Puqueld\u00f3n, 12 en Quinchao y 4 en Queilen.<\/p>\n\n\n\n<p>Aunque a\u00fan no se entrega la cifra exacta de funcionarios en riesgo de perder su empleo, desde los gremios de educaci\u00f3n admiten que se trata de un tema complejo. Sus dirigentes aseguraron que acompa\u00f1ar\u00e1n a los trabajadores que pudieran enfrentar desvinculaciones, pues reconocen la dificultad del escenario que se abre tras el informe.<\/p>\n\n\n\n<p>La Contralor\u00eda sostuvo que los viajes durante reposos m\u00e9dicos constituyen una irregularidad y que los antecedentes ya fueron puestos en conocimiento de las autoridades competentes.<\/p>\n","protected":false},"excerpt":{"rendered":"<p>M\u00e1s de tres meses han pasado desde que la Contralor\u00eda revelara un informe que sacudi\u00f3 a la provincia de Chilo\u00e9: cerca de 450 funcionarios p\u00fablicos salieron del pa\u00eds mientras se..<\/p>\n","protected":false},"author":2,"featured_media":13915,"comment_status":"closed","ping_status":"open","sticky":false,"template":"","format":"standard","meta":{"footnotes":""},"categories":[1,28,51,39],"tags":[],"class_list":["post-13913","post","type-post","status-publish","format-standard","has-post-thumbnail","hentry","category-acontecer","category-actual","category-chiloe","category-educacion"],"rttpg_featured_image_url":{"full":["https:\/\/elconquistadorredloslagos.cl\/test\/wp-content\/uploads\/2025\/09\/IMG_101-1.jpg",1920,1080,false],"landscape":["https:\/\/elconquistadorredloslagos.cl\/test\/wp-content\/uploads\/2025\/09\/IMG_101-1.jpg",1920,1080,false],"portraits":["https:\/\/elconquistadorredloslagos.cl\/test\/wp-content\/uploads\/2025\/09\/IMG_101-1.jpg",1920,1080,false],"thumbnail":["https:\/\/elconquistadorredloslagos.cl\/test\/wp-content\/uploads\/2025\/09\/IMG_101-1-150x150.jpg",150,150,true],"medium":["https:\/\/elconquistadorredloslagos.cl\/test\/wp-content\/uploads\/2025\/09\/IMG_101-1-300x169.jpg",300,169,true],"large":["https:\/\/elconquistadorredloslagos.cl\/test\/wp-content\/uploads\/2025\/09\/IMG_101-1-1024x576.jpg",1024,576,true],"1536x1536":["https:\/\/elconquistadorredloslagos.cl\/test\/wp-content\/uploads\/2025\/09\/IMG_101-1-1536x864.jpg",1536,864,true],"2048x2048":["https:\/\/elconquistadorredloslagos.cl\/test\/wp-content\/uploads\/2025\/09\/IMG_101-1.jpg",1920,1080,false]},"rttpg_author":{"display_name":"ccardenas","author_link":"https:\/\/elconquistadorredloslagos.cl\/test\/blog\/author\/ccardenas\/"},"rttpg_comment":0,"rttpg_category":"<a href=\"https:\/\/elconquistadorredloslagos.cl\/test\/blog\/category\/actual\/acontecer\/\" rel=\"category tag\">Acontecer<\/a> <a href=\"https:\/\/elconquistadorredloslagos.cl\/test\/blog\/category\/actual\/\" rel=\"category tag\">Actualidad<\/a> <a href=\"https:\/\/elconquistadorredloslagos.cl\/test\/blog\/category\/chile\/chiloe\/\" rel=\"category tag\">Chilo\u00e9<\/a> <a href=\"https:\/\/elconquistadorredloslagos.cl\/test\/blog\/category\/actual\/educacion\/\" rel=\"category tag\">Educaci\u00f3n<\/a>","rttpg_excerpt":"M\u00e1s de tres meses han pasado desde que la Contralor\u00eda revelara un informe que sacudi\u00f3 a la provincia de Chilo\u00e9: cerca de 450 funcionarios p\u00fablicos salieron del pa\u00eds mientras se..","_links":{"self":[{"href":"https:\/\/elconquistadorredloslagos.cl\/test\/wp-json\/wp\/v2\/posts\/13913","targetHints":{"allow":["GET"]}}],"collection":[{"href":"https:\/\/elconquistadorredloslagos.cl\/test\/wp-json\/wp\/v2\/posts"}],"about":[{"href":"https:\/\/elconquistadorredloslagos.cl\/test\/wp-json\/wp\/v2\/types\/post"}],"author":[{"embeddable":true,"href":"https:\/\/elconquistadorredloslagos.cl\/test\/wp-json\/wp\/v2\/users\/2"}],"replies":[{"embeddable":true,"href":"https:\/\/elconquistadorredloslagos.cl\/test\/wp-json\/wp\/v2\/comments?post=13913"}],"version-history":[{"count":1,"href":"https:\/\/elconquistadorredloslagos.cl\/test\/wp-json\/wp\/v2\/posts\/13913\/revisions"}],"predecessor-version":[{"id":13916,"href":"https:\/\/elconquistadorredloslagos.cl\/test\/wp-json\/wp\/v2\/posts\/13913\/revisions\/13916"}],"wp:featuredmedia":[{"embeddable":true,"href":"https:\/\/elconquistadorredloslagos.cl\/test\/wp-json\/wp\/v2\/media\/13915"}],"wp:attachment":[{"href":"https:\/\/elconquistadorredloslagos.cl\/test\/wp-json\/wp\/v2\/media?parent=13913"}],"wp:term":[{"taxonomy":"category","embeddable":true,"href":"https:\/\/elconquistadorredloslagos.cl\/test\/wp-json\/wp\/v2\/categories?post=13913"},{"taxonomy":"post_tag","embeddable":true,"href":"https:\/\/elconquistadorredloslagos.cl\/test\/wp-json\/wp\/v2\/tags?post=13913"}],"curies":[{"name":"wp","href":"https:\/\/api.w.org\/{rel}","templated":true}]}}