{"id":13906,"date":"2025-09-08T11:14:09","date_gmt":"2025-09-08T14:14:09","guid":{"rendered":"https:\/\/elconquistadorredloslagos.cl\/test\/?p=13906"},"modified":"2025-09-08T11:14:10","modified_gmt":"2025-09-08T14:14:10","slug":"mujer-fallece-en-incendio-que-destruyo-tres-inmuebles-en-puerto-montt","status":"publish","type":"post","link":"https:\/\/elconquistadorredloslagos.cl\/test\/blog\/2025\/09\/08\/mujer-fallece-en-incendio-que-destruyo-tres-inmuebles-en-puerto-montt\/","title":{"rendered":"Mujer fallece en incendio que destruy\u00f3 tres inmuebles en Puerto Montt"},"content":{"rendered":"\n<p>Una mujer perdi\u00f3 la vida en un incendio ocurrido la madrugada de este lunes en la poblaci\u00f3n Alta Vista de Puerto Montt, en la intersecci\u00f3n de calle Cuarta Terraza con pasaje Pedro Lira. La emergencia comenz\u00f3 cerca de la 01.00 horas y afect\u00f3 una casa de un piso, un departamento interior de dos pisos y una tercera vivienda que result\u00f3 con da\u00f1os en evaluaci\u00f3n.<\/p>\n\n\n\n<p>El comandante de Bomberos, Roberto Angulo, explic\u00f3 que el cuerpo de la v\u00edctima fue hallado durante las labores de remoci\u00f3n de escombros en el departamento interior, mientras que la estructura de las propiedades dificult\u00f3 las tareas, pues abarcaba todo el sitio sin separaci\u00f3n entre los inmuebles.<\/p>\n\n\n\n<p>Siete compa\u00f1\u00edas del Cuerpo de Bomberos de Puerto Montt trabajaron en la emergencia, activando dos alarmas de incendio para reforzar el abastecimiento de agua, debido a la distancia de los grifos. La labor incluy\u00f3 b\u00fasqueda, rescate y control del fuego en la totalidad de las viviendas afectadas.<\/p>\n\n\n\n<p>\ud83d\udcf7 Redes sociales<\/p>\n","protected":false},"excerpt":{"rendered":"<p>Una mujer perdi\u00f3 la vida en un incendio ocurrido la madrugada de este lunes en la poblaci\u00f3n Alta Vista de Puerto Montt, en la intersecci\u00f3n de calle Cuarta Terraza con..<\/p>\n","protected":false},"author":2,"featured_media":13907,"comment_status":"closed","ping_status":"open","sticky":false,"template":"","format":"standard","meta":{"footnotes":""},"categories":[1,28,56],"tags":[],"class_list":["post-13906","post","type-post","status-publish","format-standard","has-post-thumbnail","hentry","category-acontecer","category-actual","category-puerto-montt"],"rttpg_featured_image_url":{"full":["https:\/\/elconquistadorredloslagos.cl\/test\/wp-content\/uploads\/2025\/09\/IMG-22.jpg",1920,1080,false],"landscape":["https:\/\/elconquistadorredloslagos.cl\/test\/wp-content\/uploads\/2025\/09\/IMG-22.jpg",1920,1080,false],"portraits":["https:\/\/elconquistadorredloslagos.cl\/test\/wp-content\/uploads\/2025\/09\/IMG-22.jpg",1920,1080,false],"thumbnail":["https:\/\/elconquistadorredloslagos.cl\/test\/wp-content\/uploads\/2025\/09\/IMG-22-150x150.jpg",150,150,true],"medium":["https:\/\/elconquistadorredloslagos.cl\/test\/wp-content\/uploads\/2025\/09\/IMG-22-300x169.jpg",300,169,true],"large":["https:\/\/elconquistadorredloslagos.cl\/test\/wp-content\/uploads\/2025\/09\/IMG-22-1024x576.jpg",1024,576,true],"1536x1536":["https:\/\/elconquistadorredloslagos.cl\/test\/wp-content\/uploads\/2025\/09\/IMG-22-1536x864.jpg",1536,864,true],"2048x2048":["https:\/\/elconquistadorredloslagos.cl\/test\/wp-content\/uploads\/2025\/09\/IMG-22.jpg",1920,1080,false]},"rttpg_author":{"display_name":"ccardenas","author_link":"https:\/\/elconquistadorredloslagos.cl\/test\/blog\/author\/ccardenas\/"},"rttpg_comment":0,"rttpg_category":"<a href=\"https:\/\/elconquistadorredloslagos.cl\/test\/blog\/category\/actual\/acontecer\/\" rel=\"category tag\">Acontecer<\/a> <a href=\"https:\/\/elconquistadorredloslagos.cl\/test\/blog\/category\/actual\/\" rel=\"category tag\">Actualidad<\/a> <a href=\"https:\/\/elconquistadorredloslagos.cl\/test\/blog\/category\/chile\/puerto-montt\/\" rel=\"category tag\">Puerto Montt<\/a>","rttpg_excerpt":"Una mujer perdi\u00f3 la vida en un incendio ocurrido la madrugada de este lunes en la poblaci\u00f3n Alta Vista de Puerto Montt, en la intersecci\u00f3n de calle Cuarta Terraza con..","_links":{"self":[{"href":"https:\/\/elconquistadorredloslagos.cl\/test\/wp-json\/wp\/v2\/posts\/13906","targetHints":{"allow":["GET"]}}],"collection":[{"href":"https:\/\/elconquistadorredloslagos.cl\/test\/wp-json\/wp\/v2\/posts"}],"about":[{"href":"https:\/\/elconquistadorredloslagos.cl\/test\/wp-json\/wp\/v2\/types\/post"}],"author":[{"embeddable":true,"href":"https:\/\/elconquistadorredloslagos.cl\/test\/wp-json\/wp\/v2\/users\/2"}],"replies":[{"embeddable":true,"href":"https:\/\/elconquistadorredloslagos.cl\/test\/wp-json\/wp\/v2\/comments?post=13906"}],"version-history":[{"count":1,"href":"https:\/\/elconquistadorredloslagos.cl\/test\/wp-json\/wp\/v2\/posts\/13906\/revisions"}],"predecessor-version":[{"id":13908,"href":"https:\/\/elconquistadorredloslagos.cl\/test\/wp-json\/wp\/v2\/posts\/13906\/revisions\/13908"}],"wp:featuredmedia":[{"embeddable":true,"href":"https:\/\/elconquistadorredloslagos.cl\/test\/wp-json\/wp\/v2\/media\/13907"}],"wp:attachment":[{"href":"https:\/\/elconquistadorredloslagos.cl\/test\/wp-json\/wp\/v2\/media?parent=13906"}],"wp:term":[{"taxonomy":"category","embeddable":true,"href":"https:\/\/elconquistadorredloslagos.cl\/test\/wp-json\/wp\/v2\/categories?post=13906"},{"taxonomy":"post_tag","embeddable":true,"href":"https:\/\/elconquistadorredloslagos.cl\/test\/wp-json\/wp\/v2\/tags?post=13906"}],"curies":[{"name":"wp","href":"https:\/\/api.w.org\/{rel}","templated":true}]}}