{"id":13902,"date":"2025-09-05T16:02:49","date_gmt":"2025-09-05T20:02:49","guid":{"rendered":"https:\/\/elconquistadorredloslagos.cl\/test\/?p=13902"},"modified":"2025-09-05T16:02:51","modified_gmt":"2025-09-05T20:02:51","slug":"joven-herido-a-bala-fue-detenido-en-el-sar-de-alerce-por-mantener-orden-vigente-por-robo-con-intimidacion","status":"publish","type":"post","link":"https:\/\/elconquistadorredloslagos.cl\/test\/blog\/2025\/09\/05\/joven-herido-a-bala-fue-detenido-en-el-sar-de-alerce-por-mantener-orden-vigente-por-robo-con-intimidacion\/","title":{"rendered":"Joven herido a bala fue detenido en el SAR de Alerce por mantener orden vigente por robo con intimidaci\u00f3n"},"content":{"rendered":"\n<p>Un confuso episodio termin\u00f3 con la detenci\u00f3n de un joven de 23 a\u00f1os en el Servicio de Atenci\u00f3n de Alta Resolutividad (SAR) de Alerce. El sujeto ingres\u00f3 al recinto asistencial con una herida de bala en el hombro izquierdo, presuntamente tras ser atacado por un grupo de seis menores de edad.<\/p>\n\n\n\n<p>De acuerdo con el mayor Hardy Huenul, comisario de la Sexta Comisar\u00eda de Alerce, la v\u00edctima relat\u00f3 de forma preliminar que los adolescentes lo abordaron y le sustrajeron diversas pertenencias, para luego huir en distintas direcciones. Sin embargo, el hombre se neg\u00f3 a realizar la denuncia formal y a entregar mayores antecedentes sobre el hecho.<\/p>\n\n\n\n<p>Durante el procedimiento, Carabineros constat\u00f3 la identidad del herido y verific\u00f3 que manten\u00eda una orden de detenci\u00f3n pendiente por el delito de robo con intimidaci\u00f3n. Por este motivo, fue aprehendido en el mismo centro de salud, quedando bajo custodia policial.<\/p>\n\n\n\n<p>Posteriormente, el joven fue trasladado al Hospital de Puerto Montt para recibir atenci\u00f3n m\u00e9dica, mientras se desarrollan las diligencias correspondientes para esclarecer tanto la agresi\u00f3n sufrida como su responsabilidad en la causa judicial pendiente.<\/p>\n\n\n\n<p>\ud83d\udcf7 Referencial<\/p>\n","protected":false},"excerpt":{"rendered":"<p>Un confuso episodio termin\u00f3 con la detenci\u00f3n de un joven de 23 a\u00f1os en el Servicio de Atenci\u00f3n de Alta Resolutividad (SAR) de Alerce. El sujeto ingres\u00f3 al recinto asistencial..<\/p>\n","protected":false},"author":2,"featured_media":13903,"comment_status":"closed","ping_status":"open","sticky":false,"template":"","format":"standard","meta":{"footnotes":""},"categories":[1,28,56],"tags":[],"class_list":["post-13902","post","type-post","status-publish","format-standard","has-post-thumbnail","hentry","category-acontecer","category-actual","category-puerto-montt"],"rttpg_featured_image_url":{"full":["https:\/\/elconquistadorredloslagos.cl\/test\/wp-content\/uploads\/2025\/09\/img-21.jpg",1920,1080,false],"landscape":["https:\/\/elconquistadorredloslagos.cl\/test\/wp-content\/uploads\/2025\/09\/img-21.jpg",1920,1080,false],"portraits":["https:\/\/elconquistadorredloslagos.cl\/test\/wp-content\/uploads\/2025\/09\/img-21.jpg",1920,1080,false],"thumbnail":["https:\/\/elconquistadorredloslagos.cl\/test\/wp-content\/uploads\/2025\/09\/img-21-150x150.jpg",150,150,true],"medium":["https:\/\/elconquistadorredloslagos.cl\/test\/wp-content\/uploads\/2025\/09\/img-21-300x169.jpg",300,169,true],"large":["https:\/\/elconquistadorredloslagos.cl\/test\/wp-content\/uploads\/2025\/09\/img-21-1024x576.jpg",1024,576,true],"1536x1536":["https:\/\/elconquistadorredloslagos.cl\/test\/wp-content\/uploads\/2025\/09\/img-21-1536x864.jpg",1536,864,true],"2048x2048":["https:\/\/elconquistadorredloslagos.cl\/test\/wp-content\/uploads\/2025\/09\/img-21.jpg",1920,1080,false]},"rttpg_author":{"display_name":"ccardenas","author_link":"https:\/\/elconquistadorredloslagos.cl\/test\/blog\/author\/ccardenas\/"},"rttpg_comment":0,"rttpg_category":"<a href=\"https:\/\/elconquistadorredloslagos.cl\/test\/blog\/category\/actual\/acontecer\/\" rel=\"category tag\">Acontecer<\/a> <a href=\"https:\/\/elconquistadorredloslagos.cl\/test\/blog\/category\/actual\/\" rel=\"category tag\">Actualidad<\/a> <a href=\"https:\/\/elconquistadorredloslagos.cl\/test\/blog\/category\/chile\/puerto-montt\/\" rel=\"category tag\">Puerto Montt<\/a>","rttpg_excerpt":"Un confuso episodio termin\u00f3 con la detenci\u00f3n de un joven de 23 a\u00f1os en el Servicio de Atenci\u00f3n de Alta Resolutividad (SAR) de Alerce. El sujeto ingres\u00f3 al recinto asistencial..","_links":{"self":[{"href":"https:\/\/elconquistadorredloslagos.cl\/test\/wp-json\/wp\/v2\/posts\/13902","targetHints":{"allow":["GET"]}}],"collection":[{"href":"https:\/\/elconquistadorredloslagos.cl\/test\/wp-json\/wp\/v2\/posts"}],"about":[{"href":"https:\/\/elconquistadorredloslagos.cl\/test\/wp-json\/wp\/v2\/types\/post"}],"author":[{"embeddable":true,"href":"https:\/\/elconquistadorredloslagos.cl\/test\/wp-json\/wp\/v2\/users\/2"}],"replies":[{"embeddable":true,"href":"https:\/\/elconquistadorredloslagos.cl\/test\/wp-json\/wp\/v2\/comments?post=13902"}],"version-history":[{"count":1,"href":"https:\/\/elconquistadorredloslagos.cl\/test\/wp-json\/wp\/v2\/posts\/13902\/revisions"}],"predecessor-version":[{"id":13904,"href":"https:\/\/elconquistadorredloslagos.cl\/test\/wp-json\/wp\/v2\/posts\/13902\/revisions\/13904"}],"wp:featuredmedia":[{"embeddable":true,"href":"https:\/\/elconquistadorredloslagos.cl\/test\/wp-json\/wp\/v2\/media\/13903"}],"wp:attachment":[{"href":"https:\/\/elconquistadorredloslagos.cl\/test\/wp-json\/wp\/v2\/media?parent=13902"}],"wp:term":[{"taxonomy":"category","embeddable":true,"href":"https:\/\/elconquistadorredloslagos.cl\/test\/wp-json\/wp\/v2\/categories?post=13902"},{"taxonomy":"post_tag","embeddable":true,"href":"https:\/\/elconquistadorredloslagos.cl\/test\/wp-json\/wp\/v2\/tags?post=13902"}],"curies":[{"name":"wp","href":"https:\/\/api.w.org\/{rel}","templated":true}]}}