{"id":13899,"date":"2025-09-05T15:49:43","date_gmt":"2025-09-05T19:49:43","guid":{"rendered":"https:\/\/elconquistadorredloslagos.cl\/test\/?p=13899"},"modified":"2025-09-05T15:49:44","modified_gmt":"2025-09-05T19:49:44","slug":"presidente-boric-reafirma-obligatoriedad-del-voto-y-respalda-multas-por-no-votar","status":"publish","type":"post","link":"https:\/\/elconquistadorredloslagos.cl\/test\/blog\/2025\/09\/05\/presidente-boric-reafirma-obligatoriedad-del-voto-y-respalda-multas-por-no-votar\/","title":{"rendered":"Presidente Boric reafirma obligatoriedad del voto y respalda multas por no votar"},"content":{"rendered":"\n<p>El presidente Gabriel Boric se refiri\u00f3 este viernes a la pol\u00e9mica generada tras el rechazo en la C\u00e1mara de Diputados de las multas por no votar, con votos del propio oficialismo. Durante el Consejo de Gabinete, el Mandatario subray\u00f3 que \u201cel voto hoy d\u00eda es obligatorio y nosotros como gobierno tenemos el deber de respetarlo y hacerlo respetar\u201d, reiterando el respaldo al acuerdo alcanzado por la ministra Secretaria General de la Presidencia, Macarena Lobos.<\/p>\n\n\n\n<p>Boric explic\u00f3 que se ingresar\u00e1n las indicaciones necesarias para habilitar la discusi\u00f3n sobre las multas a los ciudadanos que no cumplan con la obligaci\u00f3n de sufragar, asegurando que la medida busca reforzar la participaci\u00f3n electoral.<\/p>\n\n\n\n<p>En paralelo, el Presidente abord\u00f3 la participaci\u00f3n de extranjeros en la elecci\u00f3n presidencial, anunciando que se propondr\u00e1 una reforma constitucional que eleva los requisitos para este grupo. La iniciativa se tramitar\u00e1 de manera conjunta con la normativa sobre multas, seg\u00fan indic\u00f3 Boric, quien enfatiz\u00f3 que el Presidente de Chile debe ser elegido prioritariamente por ciudadanos chilenos, consolidando as\u00ed ambos acuerdos en una sola discusi\u00f3n legislativa.<\/p>\n","protected":false},"excerpt":{"rendered":"<p>El presidente Gabriel Boric se refiri\u00f3 este viernes a la pol\u00e9mica generada tras el rechazo en la C\u00e1mara de Diputados de las multas por no votar, con votos del propio..<\/p>\n","protected":false},"author":2,"featured_media":13900,"comment_status":"closed","ping_status":"open","sticky":false,"template":"","format":"standard","meta":{"footnotes":""},"categories":[28],"tags":[],"class_list":["post-13899","post","type-post","status-publish","format-standard","has-post-thumbnail","hentry","category-actual"],"rttpg_featured_image_url":{"full":["https:\/\/elconquistadorredloslagos.cl\/test\/wp-content\/uploads\/2025\/09\/img-20.jpg",1920,1080,false],"landscape":["https:\/\/elconquistadorredloslagos.cl\/test\/wp-content\/uploads\/2025\/09\/img-20.jpg",1920,1080,false],"portraits":["https:\/\/elconquistadorredloslagos.cl\/test\/wp-content\/uploads\/2025\/09\/img-20.jpg",1920,1080,false],"thumbnail":["https:\/\/elconquistadorredloslagos.cl\/test\/wp-content\/uploads\/2025\/09\/img-20-150x150.jpg",150,150,true],"medium":["https:\/\/elconquistadorredloslagos.cl\/test\/wp-content\/uploads\/2025\/09\/img-20-300x169.jpg",300,169,true],"large":["https:\/\/elconquistadorredloslagos.cl\/test\/wp-content\/uploads\/2025\/09\/img-20-1024x576.jpg",1024,576,true],"1536x1536":["https:\/\/elconquistadorredloslagos.cl\/test\/wp-content\/uploads\/2025\/09\/img-20-1536x864.jpg",1536,864,true],"2048x2048":["https:\/\/elconquistadorredloslagos.cl\/test\/wp-content\/uploads\/2025\/09\/img-20.jpg",1920,1080,false]},"rttpg_author":{"display_name":"ccardenas","author_link":"https:\/\/elconquistadorredloslagos.cl\/test\/blog\/author\/ccardenas\/"},"rttpg_comment":0,"rttpg_category":"<a href=\"https:\/\/elconquistadorredloslagos.cl\/test\/blog\/category\/actual\/\" rel=\"category tag\">Actualidad<\/a>","rttpg_excerpt":"El presidente Gabriel Boric se refiri\u00f3 este viernes a la pol\u00e9mica generada tras el rechazo en la C\u00e1mara de Diputados de las multas por no votar, con votos del propio..","_links":{"self":[{"href":"https:\/\/elconquistadorredloslagos.cl\/test\/wp-json\/wp\/v2\/posts\/13899","targetHints":{"allow":["GET"]}}],"collection":[{"href":"https:\/\/elconquistadorredloslagos.cl\/test\/wp-json\/wp\/v2\/posts"}],"about":[{"href":"https:\/\/elconquistadorredloslagos.cl\/test\/wp-json\/wp\/v2\/types\/post"}],"author":[{"embeddable":true,"href":"https:\/\/elconquistadorredloslagos.cl\/test\/wp-json\/wp\/v2\/users\/2"}],"replies":[{"embeddable":true,"href":"https:\/\/elconquistadorredloslagos.cl\/test\/wp-json\/wp\/v2\/comments?post=13899"}],"version-history":[{"count":1,"href":"https:\/\/elconquistadorredloslagos.cl\/test\/wp-json\/wp\/v2\/posts\/13899\/revisions"}],"predecessor-version":[{"id":13901,"href":"https:\/\/elconquistadorredloslagos.cl\/test\/wp-json\/wp\/v2\/posts\/13899\/revisions\/13901"}],"wp:featuredmedia":[{"embeddable":true,"href":"https:\/\/elconquistadorredloslagos.cl\/test\/wp-json\/wp\/v2\/media\/13900"}],"wp:attachment":[{"href":"https:\/\/elconquistadorredloslagos.cl\/test\/wp-json\/wp\/v2\/media?parent=13899"}],"wp:term":[{"taxonomy":"category","embeddable":true,"href":"https:\/\/elconquistadorredloslagos.cl\/test\/wp-json\/wp\/v2\/categories?post=13899"},{"taxonomy":"post_tag","embeddable":true,"href":"https:\/\/elconquistadorredloslagos.cl\/test\/wp-json\/wp\/v2\/tags?post=13899"}],"curies":[{"name":"wp","href":"https:\/\/api.w.org\/{rel}","templated":true}]}}